{"id":9339,"date":"1913-12-22T19:22:17","date_gmt":"1913-12-22T19:22:17","guid":{"rendered":"http:\/\/aeropinakes.com\/wordpress\/?post_type=archive&#038;p=9339"},"modified":"2022-01-22T17:49:18","modified_gmt":"2022-01-22T16:49:18","slug":"la-aviacion-colonial","status":"publish","type":"post","link":"https:\/\/aeropinakes.com\/wordpress\/1913\/12\/22\/la-aviacion-colonial\/","title":{"rendered":"La aviaci\u00f3n colonial"},"content":{"rendered":"<p><a href=\"http:\/\/aeropinakes.com\/wordpress\/wp-content\/uploads\/2016\/12\/La_De\u0301pe\u0302che_coloniale_illustre\u0301e13-feb-1913.jpg\"><img loading=\"lazy\" decoding=\"async\" class=\"alignnone wp-image-9323 size-full\" src=\"http:\/\/aeropinakes.com\/wordpress\/wp-content\/uploads\/2016\/12\/La_De\u0301pe\u0302che_coloniale_illustre\u0301e13-feb-1913.jpg\" alt=\"La_De\u0301pe\u0302che_coloniale_illustre\u0301e13-feb-1913\" width=\"1287\" height=\"933\" srcset=\"https:\/\/aeropinakes.com\/wordpress\/wp-content\/uploads\/2016\/12\/La_De\u0301pe\u0302che_coloniale_illustre\u0301e13-feb-1913.jpg 1287w, https:\/\/aeropinakes.com\/wordpress\/wp-content\/uploads\/2016\/12\/La_De\u0301pe\u0302che_coloniale_illustre\u0301e13-feb-1913-300x217.jpg 300w, https:\/\/aeropinakes.com\/wordpress\/wp-content\/uploads\/2016\/12\/La_De\u0301pe\u0302che_coloniale_illustre\u0301e13-feb-1913-768x557.jpg 768w, https:\/\/aeropinakes.com\/wordpress\/wp-content\/uploads\/2016\/12\/La_De\u0301pe\u0302che_coloniale_illustre\u0301e13-feb-1913-1024x742.jpg 1024w\" sizes=\"(max-width: 1287px) 100vw, 1287px\" \/><\/a><\/p>\n<p>La D\u00e9p\u00eache Coloniale Illustr\u00e9e, 13 de febrero de 1913<\/p>\n<p><a href=\"https:\/\/aeropinakes.com\/wordpress\/wp-content\/uploads\/1913\/12\/Breguet1912aviationmagazine1952.05.1.jpg\"><img loading=\"lazy\" decoding=\"async\" class=\"aligncenter wp-image-18372 size-full\" src=\"https:\/\/aeropinakes.com\/wordpress\/wp-content\/uploads\/1913\/12\/Breguet1912aviationmagazine1952.05.1.jpg\" alt=\"\" width=\"518\" height=\"1500\" srcset=\"https:\/\/aeropinakes.com\/wordpress\/wp-content\/uploads\/1913\/12\/Breguet1912aviationmagazine1952.05.1.jpg 518w, https:\/\/aeropinakes.com\/wordpress\/wp-content\/uploads\/1913\/12\/Breguet1912aviationmagazine1952.05.1-104x300.jpg 104w, https:\/\/aeropinakes.com\/wordpress\/wp-content\/uploads\/1913\/12\/Breguet1912aviationmagazine1952.05.1-354x1024.jpg 354w\" sizes=\"(max-width: 518px) 100vw, 518px\" \/><\/a><\/p>\n<p>Aviation Magazine, 1 de mayo de 1950<\/p>\n<p><a href=\"http:\/\/gallica.bnf.fr\/\">Gallica<\/a><\/p>\n<!-- AddThis Advanced Settings generic via filter on the_content -->","protected":false},"excerpt":{"rendered":"<p>La D\u00e9p\u00eache Coloniale Illustr\u00e9e, 13 de febrero de 1913 Aviation Magazine, 1 de mayo de 1950 Gallica<!-- AddThis Advanced Settings generic via filter on get_the_excerpt --><\/p>\n","protected":false},"author":1,"featured_media":9323,"comment_status":"open","ping_status":"open","sticky":false,"template":"","format":"standard","meta":{"jetpack_post_was_ever_published":false,"footnotes":"","jetpack_publicize_message":"","jetpack_is_tweetstorm":false,"jetpack_publicize_feature_enabled":true,"jetpack_social_post_already_shared":true,"jetpack_social_options":[]},"categories":[3486,699,63],"tags":[3194],"Asuntos":[],"jetpack_publicize_connections":[],"jetpack_featured_media_url":"https:\/\/aeropinakes.com\/wordpress\/wp-content\/uploads\/2016\/12\/La_De\u0301pe\u0302che_coloniale_illustre\u0301e13-feb-1913.jpg","jetpack_sharing_enabled":true,"jetpack_shortlink":"https:\/\/wp.me\/p7HKWx-2qD","jetpack-related-posts":[{"id":5315,"url":"https:\/\/aeropinakes.com\/wordpress\/1913\/07\/13\/aviadores-militares-en-el-sahara-alrededor-del\/","url_meta":{"origin":9339,"position":0},"title":"Aviadores militares en el Sahara","date":"1913","format":false,"excerpt":"\u00a0 Aviadores militares en el Sahara Alrededor del mundo, 13 de julio de 1913","rel":"","context":"En \u00ab1913\u00bb","img":{"alt_text":"","src":"https:\/\/i0.wp.com\/aeropinakes.com\/wordpress\/wp-content\/uploads\/1913\/07\/tumblr_m8jpfjgc3q1rbnd77o1_1280.jpg?resize=350%2C200&ssl=1","width":350,"height":200},"classes":[]},{"id":9317,"url":"https:\/\/aeropinakes.com\/wordpress\/1913\/12\/22\/el-pacificador-aereo-en-las-colonias\/","url_meta":{"origin":9339,"position":1},"title":"El pacificador a\u00e9reo en las colonias","date":"1913","format":false,"excerpt":"El p\u00e1jaro de Francia, sobre el desierto L'Aviation aux colonies, por el teniente de Lafargue Art\u00edculo completo (pdf, 2,7 Mb) La vie au grand\u00a0air, 6 de septiembre de 1913 Gallica","rel":"","context":"En \u00ab1913\u00bb","img":{"alt_text":"","src":"https:\/\/i0.wp.com\/aeropinakes.com\/wordpress\/wp-content\/uploads\/2016\/12\/lavieaugrandair-6-sep-1913-3.jpg?resize=350%2C200&ssl=1","width":350,"height":200},"classes":[]},{"id":9329,"url":"https:\/\/aeropinakes.com\/wordpress\/1913\/12\/22\/un-castillo-en-la-loupe\/","url_meta":{"origin":9339,"position":2},"title":"Un castillo en La Loupe","date":"1913","format":false,"excerpt":"La vie au grand\u00a0air, 6 de septiembre de 1913 Gallica","rel":"","context":"En \u00ab1913\u00bb","img":{"alt_text":"","src":"https:\/\/i0.wp.com\/aeropinakes.com\/wordpress\/wp-content\/uploads\/2016\/12\/lavieaugrandair-6-sep-1913-2.jpg?resize=350%2C200&ssl=1","width":350,"height":200},"classes":[]},{"id":769,"url":"https:\/\/aeropinakes.com\/wordpress\/1913\/11\/27\/una-tragedia-en-los-aires-heroismo-de-los\/","url_meta":{"origin":9339,"position":3},"title":"Una tragedia en los aires: hero\u00edsmo de los aviadores militares espa\u00f1oles","date":"1913","format":false,"excerpt":"\u00a0 Una tragedia en los aires: hero\u00edsmo de los aviadores militares espa\u00f1oles Nuevo Mundo, 27 de noviembre de 1913","rel":"","context":"En \u00ab1913\u00bb","img":{"alt_text":"","src":"https:\/\/i0.wp.com\/aeropinakes.com\/wordpress\/wp-content\/uploads\/1913\/11\/1913-nov-27-nuevomundo-trag.jpg?resize=350%2C200&ssl=1","width":350,"height":200},"classes":[]},{"id":9331,"url":"https:\/\/aeropinakes.com\/wordpress\/1913\/12\/22\/donde-estamos-hacia-donde-vamos\/","url_meta":{"origin":9339,"position":4},"title":"\u00bfD\u00f3nde estamos? \u00bfHacia d\u00f3nde vamos?","date":"1913","format":false,"excerpt":"O\u00f9 en sommes-nous? O\u00f9 allons-nous? es el t\u00edtulo del art\u00edculo central de la publicaci\u00f3n sobre el futuro de la aviaci\u00f3n, escrito nada menos que por L\u00e9on Morane, Raymond Saulnier, Louis Br\u00e9guet, Maurice Farman, Jules V\u00e9drines, Jean Bielovucic y Eug\u00e8ne Gilbert. La vie au grand\u00a0air, 6 de septiembre de 1913 Gallica","rel":"","context":"En \u00ab1913\u00bb","img":{"alt_text":"","src":"https:\/\/i0.wp.com\/aeropinakes.com\/wordpress\/wp-content\/uploads\/2016\/12\/lavieaugrandair-6-sep-1913.jpg?resize=350%2C200&ssl=1","width":350,"height":200},"classes":[]},{"id":772,"url":"https:\/\/aeropinakes.com\/wordpress\/1913\/12\/30\/el-alto-comisario-y-los-aviadores-militares-en\/","url_meta":{"origin":9339,"position":5},"title":"El Alto Comisario y los aviadores militares, en Tetu\u00e1n","date":"1913","format":false,"excerpt":"El Alto Comisario y los aviadores militares, en Tetu\u00e1n La Ilustraci\u00f3n Espa\u00f1ola y Americana, 30 de diciembre de 1913","rel":"","context":"En \u00ab1913\u00bb","img":{"alt_text":"","src":"https:\/\/i0.wp.com\/aeropinakes.com\/wordpress\/wp-content\/uploads\/2012\/07\/tumblr_m75nq6mrmg1rbnd77o1_1280.jpg?resize=350%2C200&ssl=1","width":350,"height":200},"classes":[]}],"jetpack_likes_enabled":true,"_links":{"self":[{"href":"https:\/\/aeropinakes.com\/wordpress\/wp-json\/wp\/v2\/posts\/9339"}],"collection":[{"href":"https:\/\/aeropinakes.com\/wordpress\/wp-json\/wp\/v2\/posts"}],"about":[{"href":"https:\/\/aeropinakes.com\/wordpress\/wp-json\/wp\/v2\/types\/post"}],"author":[{"embeddable":true,"href":"https:\/\/aeropinakes.com\/wordpress\/wp-json\/wp\/v2\/users\/1"}],"replies":[{"embeddable":true,"href":"https:\/\/aeropinakes.com\/wordpress\/wp-json\/wp\/v2\/comments?post=9339"}],"version-history":[{"count":3,"href":"https:\/\/aeropinakes.com\/wordpress\/wp-json\/wp\/v2\/posts\/9339\/revisions"}],"predecessor-version":[{"id":18373,"href":"https:\/\/aeropinakes.com\/wordpress\/wp-json\/wp\/v2\/posts\/9339\/revisions\/18373"}],"wp:featuredmedia":[{"embeddable":true,"href":"https:\/\/aeropinakes.com\/wordpress\/wp-json\/wp\/v2\/media\/9323"}],"wp:attachment":[{"href":"https:\/\/aeropinakes.com\/wordpress\/wp-json\/wp\/v2\/media?parent=9339"}],"wp:term":[{"taxonomy":"category","embeddable":true,"href":"https:\/\/aeropinakes.com\/wordpress\/wp-json\/wp\/v2\/categories?post=9339"},{"taxonomy":"post_tag","embeddable":true,"href":"https:\/\/aeropinakes.com\/wordpress\/wp-json\/wp\/v2\/tags?post=9339"},{"taxonomy":"asunto","embeddable":true,"href":"https:\/\/aeropinakes.com\/wordpress\/wp-json\/wp\/v2\/Asuntos?post=9339"}],"curies":[{"name":"wp","href":"https:\/\/api.w.org\/{rel}","templated":true}]}}