{"id":6078,"date":"1918-09-19T16:45:47","date_gmt":"1918-09-19T15:45:47","guid":{"rendered":"http:\/\/aeropinakes.com\/wordpress\/?post_type=archive&#038;p=6078"},"modified":"2019-12-09T13:38:13","modified_gmt":"2019-12-09T12:38:13","slug":"paris-en-tenue-de-bombardement","status":"publish","type":"post","link":"https:\/\/aeropinakes.com\/wordpress\/1918\/09\/19\/paris-en-tenue-de-bombardement\/","title":{"rendered":"Paris en tenue de bombardement"},"content":{"rendered":"<p><a href=\"http:\/\/aeropinakes.com\/wordpress\/wp-content\/uploads\/2015\/09\/vendome.jpg\"><img loading=\"lazy\" decoding=\"async\" class=\"alignleft size-full wp-image-6079\" src=\"http:\/\/aeropinakes.com\/wordpress\/wp-content\/uploads\/2015\/09\/vendome.jpg\" alt=\"vendome\" width=\"1333\" height=\"953\" srcset=\"https:\/\/aeropinakes.com\/wordpress\/wp-content\/uploads\/2015\/09\/vendome.jpg 1333w, https:\/\/aeropinakes.com\/wordpress\/wp-content\/uploads\/2015\/09\/vendome-300x214.jpg 300w, https:\/\/aeropinakes.com\/wordpress\/wp-content\/uploads\/2015\/09\/vendome-1024x732.jpg 1024w\" sizes=\"(max-width: 1333px) 100vw, 1333px\" \/><\/a>Paris en tenue de <span class=\"highlight\">bombardement<\/span><\/p>\n<p>La\u00a0colonne Vend\u00f4me prot\u00e9g\u00e9e contre les bombardements : [photographie de presse] \/ [Agence Rol] (1918)<\/p>\n<p><a href=\"http:\/\/gallica.bnf.fr\/\">Gallica<\/a><\/p>\n<!-- AddThis Advanced Settings generic via filter on the_content -->","protected":false},"excerpt":{"rendered":"<p>Paris en tenue de bombardement La\u00a0colonne Vend\u00f4me prot\u00e9g\u00e9e contre les bombardements : [photographie de presse] \/ [Agence Rol] (1918) Gallica<!-- AddThis Advanced Settings generic via filter on get_the_excerpt --><\/p>\n","protected":false},"author":1,"featured_media":6079,"comment_status":"open","ping_status":"open","sticky":false,"template":"","format":"standard","meta":{"jetpack_post_was_ever_published":false,"footnotes":"","jetpack_publicize_message":"","jetpack_is_tweetstorm":false,"jetpack_publicize_feature_enabled":true,"jetpack_social_post_already_shared":false,"jetpack_social_options":[]},"categories":[704,63],"tags":[],"Asuntos":[],"jetpack_publicize_connections":[],"jetpack_featured_media_url":"https:\/\/aeropinakes.com\/wordpress\/wp-content\/uploads\/2015\/09\/vendome.jpg","jetpack_sharing_enabled":true,"jetpack_shortlink":"https:\/\/wp.me\/p7HKWx-1A2","jetpack-related-posts":[{"id":1130,"url":"https:\/\/aeropinakes.com\/wordpress\/1936\/01\/03\/le-breguet-460-multiplace-de-combat-et-de-bombardement\/","url_meta":{"origin":6078,"position":0},"title":"Le Breguet 460, multiplace de combat et de bombardement","date":"1936","format":false,"excerpt":"Le Breguet 460, multiplace de combat et de bombardement L'Aeronautique, enero de 1936 Gallica","rel":"","context":"En \u00ab1936\u00bb","img":{"alt_text":"","src":"https:\/\/i0.wp.com\/aeropinakes.com\/wordpress\/wp-content\/uploads\/2015\/04\/1936-ene-laeronautique-e1428054625147.jpg?resize=350%2C200&ssl=1","width":350,"height":200},"classes":[]},{"id":18027,"url":"https:\/\/aeropinakes.com\/wordpress\/1918\/12\/10\/anticipo-de-horrores-futuros\/","url_meta":{"origin":6078,"position":1},"title":"Anticipo de horrores futuros","date":"1918","format":false,"excerpt":"Un Farman F.50 de la aviaci\u00f3n militar francesa (primer vuelo: comienzos de 1918). Despu\u00e9s de los fiascos de a\u00f1os anteriores en materia de bombarderos estrat\u00e9gicos, a finales de 1917 el alto mando franc\u00e9s decidi\u00f3 ir a lo seguro y encargar una versi\u00f3n m\u00e1s grande de aviones ya probados, como el\u2026","rel":"","context":"En \u00ab1918\u00bb","img":{"alt_text":"","src":"https:\/\/i0.wp.com\/aeropinakes.com\/wordpress\/wp-content\/uploads\/2020\/12\/farmanf50france1918.jpg?resize=350%2C200&ssl=1","width":350,"height":200},"classes":[]},{"id":12062,"url":"https:\/\/aeropinakes.com\/wordpress\/1934\/06\/02\/el-fiasco-definitivo-del-multiplaza-de-combate\/","url_meta":{"origin":6078,"position":2},"title":"El fiasco definitivo del multiplaza de combate","date":"1934","format":false,"excerpt":"El Potez 54 o 540 fue considerado el desarrollo m\u00e1s prometedor del concepto de multiplaza de combate, lanzado por el programa oficial de aviones BCR (Bombardement, Combat, Reconnaissance). Empero su uso en la guerra civil espa\u00f1ola mostr\u00f3 con claridad que no estaba preparado para la guerra densa y tecnol\u00f3gica, y\u2026","rel":"","context":"En \u00ab1934\u00bb","img":{"alt_text":"","src":"https:\/\/i0.wp.com\/aeropinakes.com\/wordpress\/wp-content\/uploads\/2017\/04\/LAe\u0301ronautique__dic-1934-1.jpg?resize=350%2C200&ssl=1","width":350,"height":200},"classes":[]},{"id":12066,"url":"https:\/\/aeropinakes.com\/wordpress\/2018\/06\/01\/el-concepto-de-fortin-volador\/","url_meta":{"origin":6078,"position":3},"title":"El concepto de fort\u00edn volador","date":"2018","format":false,"excerpt":"Otro ejemplo del concepto de multiplaza de combate, que alucin\u00f3 a la aeron\u00e1utica militar francesa en la d\u00e9cada de 1930. En este caso se trata del Bordelaise A.B. 80, inconfundible con su aspecto de torre\u00f3n fortificado con alas. Solo se construy\u00f3 un prototipo, que ni siquiera lleg\u00f3 a participar en\u2026","rel":"","context":"En \u00ab1934\u00bb","img":{"alt_text":"","src":"https:\/\/i0.wp.com\/aeropinakes.com\/wordpress\/wp-content\/uploads\/2017\/04\/LAe\u0301ronautique__dic-1934-3.jpg?resize=350%2C200&ssl=1","width":350,"height":200},"classes":[]},{"id":12118,"url":"https:\/\/aeropinakes.com\/wordpress\/1925\/05\/31\/irak\/","url_meta":{"origin":6078,"position":4},"title":"El gobierno a\u00e9reo-terrestre de Irak","date":"1925","format":false,"excerpt":"Hac\u00eda tres a\u00f1os que la RAF gobernaba oficialmente Irak cuando se tom\u00f3 esta estropeada pero interesante fotograf\u00eda. Una secci\u00f3n de tropas asirias posa en formaci\u00f3n cerrada ante un de Havilland DH.9 de la RAF. Por entonces este avi\u00f3n y el Bristol Fighter eran los principales caballos de batalla de la\u2026","rel":"","context":"En \u00ab1925\u00bb","img":{"alt_text":"","src":"https:\/\/i0.wp.com\/aeropinakes.com\/wordpress\/wp-content\/uploads\/2017\/11\/irak.jpg?resize=350%2C200&ssl=1","width":350,"height":200},"classes":[]},{"id":8121,"url":"https:\/\/aeropinakes.com\/wordpress\/1919\/07\/16\/un-breguet-14-sobre-las-trincheras-en-vouziers\/","url_meta":{"origin":6078,"position":5},"title":"Un Breguet 14 sobre el frente, en Vouziers","date":"1919","format":false,"excerpt":"Un bombardero diurno Breguet 14 sobre la l\u00ednea del frente en Vouziers (a medio camino entre Reims y Sed\u00e1n, a unos 200 km al noreste de Par\u00eds). Las l\u00edneas quebradas son las \u00a0intrincadas redes de trincheras aliadas y alemanas. La guerre a\u00e9rienne ilustr\u00e9e, 2 de enero de 1919 Gallica","rel":"","context":"En \u00ab1918\u00bb","img":{"alt_text":"","src":"https:\/\/i0.wp.com\/aeropinakes.com\/wordpress\/wp-content\/uploads\/2016\/07\/1919-01-02-laguerreaerienneilustre.jpg?resize=350%2C200&ssl=1","width":350,"height":200},"classes":[]}],"jetpack_likes_enabled":true,"_links":{"self":[{"href":"https:\/\/aeropinakes.com\/wordpress\/wp-json\/wp\/v2\/posts\/6078"}],"collection":[{"href":"https:\/\/aeropinakes.com\/wordpress\/wp-json\/wp\/v2\/posts"}],"about":[{"href":"https:\/\/aeropinakes.com\/wordpress\/wp-json\/wp\/v2\/types\/post"}],"author":[{"embeddable":true,"href":"https:\/\/aeropinakes.com\/wordpress\/wp-json\/wp\/v2\/users\/1"}],"replies":[{"embeddable":true,"href":"https:\/\/aeropinakes.com\/wordpress\/wp-json\/wp\/v2\/comments?post=6078"}],"version-history":[{"count":1,"href":"https:\/\/aeropinakes.com\/wordpress\/wp-json\/wp\/v2\/posts\/6078\/revisions"}],"predecessor-version":[{"id":16659,"href":"https:\/\/aeropinakes.com\/wordpress\/wp-json\/wp\/v2\/posts\/6078\/revisions\/16659"}],"wp:featuredmedia":[{"embeddable":true,"href":"https:\/\/aeropinakes.com\/wordpress\/wp-json\/wp\/v2\/media\/6079"}],"wp:attachment":[{"href":"https:\/\/aeropinakes.com\/wordpress\/wp-json\/wp\/v2\/media?parent=6078"}],"wp:term":[{"taxonomy":"category","embeddable":true,"href":"https:\/\/aeropinakes.com\/wordpress\/wp-json\/wp\/v2\/categories?post=6078"},{"taxonomy":"post_tag","embeddable":true,"href":"https:\/\/aeropinakes.com\/wordpress\/wp-json\/wp\/v2\/tags?post=6078"},{"taxonomy":"asunto","embeddable":true,"href":"https:\/\/aeropinakes.com\/wordpress\/wp-json\/wp\/v2\/Asuntos?post=6078"}],"curies":[{"name":"wp","href":"https:\/\/api.w.org\/{rel}","templated":true}]}}