{"id":18854,"date":"2026-07-19T18:05:54","date_gmt":"2026-07-19T16:05:54","guid":{"rendered":"https:\/\/aeropinakes.com\/wordpress\/?p=18854"},"modified":"2026-07-19T18:05:57","modified_gmt":"2026-07-19T16:05:57","slug":"el-movimiento-nacional-tropieza-con-el-antropoceno","status":"publish","type":"post","link":"https:\/\/aeropinakes.com\/wordpress\/2026\/07\/19\/el-movimiento-nacional-tropieza-con-el-antropoceno\/","title":{"rendered":"El Movimiento Nacional tropieza con el Antropoceno"},"content":{"rendered":"<h6><img loading=\"lazy\" decoding=\"async\" class=\"aligncenter wp-image-18856 size-full\" src=\"https:\/\/aeropinakes.com\/wordpress\/wp-content\/uploads\/2026\/07\/1962-udpuedeevitarlodestacada.jpg\" alt=\"\" width=\"1000\" height=\"675\" srcset=\"https:\/\/aeropinakes.com\/wordpress\/wp-content\/uploads\/2026\/07\/1962-udpuedeevitarlodestacada.jpg 1000w, https:\/\/aeropinakes.com\/wordpress\/wp-content\/uploads\/2026\/07\/1962-udpuedeevitarlodestacada-300x203.jpg 300w\" sizes=\"(max-width: 1000px) 100vw, 1000px\" \/><\/h6>\n<h6>Fotograma final de una cu\u00f1a de la campa\u00f1a contra incendios forestales, 1962-1963. <a href=\"https:\/\/www.miteco.gob.es\/\">Ministerio para la Transici\u00f3n Ecol\u00f3gica y el Reto Demogr\u00e1fico<\/a>.<\/h6>\n<p>Primer plano de un rev\u00f3lver. La c\u00e1mara se aleja y vemos que es un ni\u00f1o el que lo tiene en sus manos. Suena un disparo, se cae un cuadro de la pared y la voz en off dice \u201cCuidado, es peligroso\u201d. Arrojar descuidadamente cerillas encendidas o colillas sin apagar al monte es tan peligroso como darle a un ni\u00f1o una pistola cargada. Es uno de los tres spots que se pasaron por televisi\u00f3n en 1968, despu\u00e9s del considerado como desastroso verano de 1967, con 75.000 hect\u00e1reas arrasadas y seis vidas perdidas (1). En 1968 los incendios forestales ya hab\u00edan alcanzado el nivel de amenaza creciente y potencialmente catastr\u00f3fica. La respuesta del gobierno fue la tradicional: publicar una ley (2). El texto legal deja claro desde el principio que la culpa de todo es el impresionante crecimiento econ\u00f3mico del pa\u00eds. El cual ha producido dos elementos nuevos que han terminado chocando, sigue argumentando el Bolet\u00edn Oficial del Estado: una repoblaci\u00f3n forestal gigantesca y montones de ciudadanos motorizados en busca de solaz y aire puro bajo los \u00e1rboles.<\/p>\n<p>El caso es que esta \u00abmasa ciudadana\u00bb, que no ha pisado un bosque en su vida (el texto legal dice \u00abtodav\u00eda no habituada al contacto con la Naturaleza\u00bb) recorre los montes como el caballo de Atila, encendiendo fuegos donde no debe y arrojando colillas encendidas por doquier (el texto legal es menos expl\u00edcito, pero eso es lo que quiere decir). La llegada de la masa urbana ignorante y destrozona al monte coincide por desgracia con la despoblaci\u00f3n de las zonas rurales (gracias a las crecientes oportunidades de empleo industrial). As\u00ed que tenemos un bosque sin sus habitantes ind\u00edgenas, recogedores de le\u00f1a y expertos en la extinci\u00f3n de fuegos, y recorrido por turbas ignorantes, que en verano arde como la yesca con solo mirarlo (especialmente los nuevos pinares de repoblaci\u00f3n). Haciendo un quiebro ultramoderno, tras considerar como de costumbre el problema de los incendios forestales como una cuesti\u00f3n de orden p\u00fablico (que puede requerir la intervenci\u00f3n del Ej\u00e9rcito, como ocurre en la actualidad), la Ley establece la verdadera gran soluci\u00f3n del problema, aparte de consideraciones legales, penales, t\u00e9cnicas y financieras: \u00abuna incansable, profusa y bien orientada propaganda que prepare y eduque al ciudadano en el uso de su derecho a disfrutar de la naturaleza\u00bb. Otro de los spots que se pasaron ese a\u00f1o por televisi\u00f3n sugiere a uno que arroja descuidadamente una colilla encendida al monte \u201cap\u00e1guela antes de que arda en su conciencia\u201d.<\/p>\n<p>Los incendios forestales hab\u00edan existido siempre, pero ahora eran distintos, m\u00e1s amplios y feroces. En 1973, la extensi\u00f3n quemada en la primera mitad del a\u00f1o dobl\u00f3 la de todo el a\u00f1o anterior. \u201c&#8230;esta brutal escalada ha superado cualquier previsi\u00f3n, llegando a l\u00edmites catastr\u00f3ficos\u201d fue el texto con el que La Vanguardia acompa\u00f1\u00f3 una portada sensacionalista, a base de fotos de bosques ardiendo en escenas de tipo infernal (3). El Servicio de Incendios Forestales se hab\u00eda creado en 1956, pero ahora se enfrentaba a una situaci\u00f3n nueva, un atisbo de lo que se ha llamado el Piroceno, una faceta del Antropoceno que fija su atenci\u00f3n en los crecientes destrozos que causan los incendios en masas forestales cada vez m\u00e1s grandes, peor cuidadas, y m\u00e1s en contacto con actividades humanas.<\/p>\n<p>Carlos Arias Navarro cumpl\u00eda justo tres a\u00f1os en el cargo de alcalde de Madrid cuando reconoci\u00f3 ante un grupo de periodistas, en febrero de 1968, \u201cAunque todav\u00eda no es necesario salir con mascarillas\u2026 la contaminaci\u00f3n de la atm\u00f3sfera de Madrid es grave\u201d (4). Arias Navarro estaba en un interregno de su gran carrera dentro del franquismo, que hab\u00eda comenzado como fiscal a cargo de la represi\u00f3n en M\u00e1laga durante la guerra civil, gobernador civil de varias provincias y Director General de Seguridad. De su cargo como jefe de la conocida generalmente como DGS, en la Puerta del Sol, pas\u00f3 en 1965 a la Casa de la Villa. En 1973 fue nombrado ministro de la Gobernaci\u00f3n y ese mismo a\u00f1o, tras el asesinato de Carrero Blanco, presidente del Gobierno, el \u00faltimo que tuvo la dictadura franquista a tiempo completo. Arias Navarro, experto en la represi\u00f3n, se enfrentaba a un problema nuevo, la que se podr\u00eda llamar subversi\u00f3n ambiental.<\/p>\n<p>La respuesta de la Superioridad a la poluci\u00f3n del aire estuvo basada en el principio de autoridad. En septiembre de 1968, el Ministerio de la Gobernaci\u00f3n aprob\u00f3 la ordenanza para combatir la contaminaci\u00f3n atmosf\u00e9rica en Madrid. La ordenanza declaraba zonas de protecci\u00f3n especial, como los parques y el entorno de hospitales, alentaba la delaci\u00f3n de los \u00abexcesos de humo\u00bb y establec\u00eda la instalaci\u00f3n en puntos estrat\u00e9gicos de aparatos de medici\u00f3n. Se creaba un equipo t\u00e9cnico con unidades m\u00f3viles, para patrullar las calles con los aparatos de medici\u00f3n correspondientes. La nueva polic\u00eda de la contaminaci\u00f3n deb\u00eda parar a los veh\u00edculos sospechosos y comprobar si eran o no infractores colocando un medidor en el tubo de escape (5). Los inspectores tambi\u00e9n vigilar\u00edan posibles excesos de humo en las instalaciones de calefacci\u00f3n central, que solo exist\u00edan en los edificios destinados a la clase media y alta. El resto se ten\u00eda que apa\u00f1ar con estufas el\u00e9ctricas o de butano, o incluso braseros de cisco \u2013menudos de carb\u00f3n, generalmente vegetal.<\/p>\n<p>Coches, calefacciones e industrias se sumaban para crear escenas urbanas agobiantes. En enero de 1972, la revista Blanco y Negro (6) public\u00f3 una escena nocturna tomada a las 12,40 del mediod\u00eda en Madrid. Es una vista de la calle de Alcal\u00e1, completamente oscurecida por los humos contaminantes. En diciembre de 1974 los conductores deb\u00edan circular con los faros encendidos de d\u00eda y de noche y se registr\u00f3 un aumento de las muertes por dolencias respiratorias (7). En la pr\u00e1ctica, los inspectores med\u00edan el porcentaje de mon\u00f3xido de carbono en el escape del veh\u00edculo. Si superaba el 5%, se consideraba infracci\u00f3n que deb\u00eda ser corregida en el taller, por lo general afinando el carburador. En los veh\u00edculos di\u00e9sel se med\u00eda tambi\u00e9n la opacidad de los humos, la densidad del holl\u00edn enviado a la atm\u00f3sfera.<\/p>\n<p>Las calefacciones ten\u00edan el mismo problema que tuvieron las de Londres cuando el gran smog de 1952. Quemaban combustibles muy bastos, carbones y fueles pesados atiborrados de part\u00edculas gruesas y de azufre. Las part\u00edculas de holl\u00edn manchaban la ropa tendida y los pulmones de los ciudadanos, pero el di\u00f3xido de azufre era m\u00e1s insidioso y peligroso. Era un t\u00f3xico tal cual, pero adem\u00e1s produc\u00eda microgotas de \u00e1cido sulf\u00farico en cuanto hab\u00eda algo de humedad en el aire. El SO2 era el gran problema de la contaminaci\u00f3n del aire en la \u00e9poca.<\/p>\n<p>Pronto qued\u00f3 claro que la aproximaci\u00f3n policial al problema no bastaba. A lo largo de la d\u00e9cada de 1970 se consiguieron erradicar los peores combustibles de las calefacciones urbanas, estableciendo niveles m\u00e1ximos estrictos de contenido en azufre, y aquello mejor\u00f3 algo la situaci\u00f3n de la atm\u00f3sfera de la capital. Hay que tener en cuenta que el list\u00f3n de la contaminaci\u00f3n estaba puesto muy alto: se consideraban \u201cadmisibles\u201d niveles que hoy en d\u00eda ser\u00edan vistos como irrespirables.<\/p>\n<p>Varios millares de instalaciones de calefacci\u00f3n eran un objetivo asumible, pero los cientos de miles de veh\u00edculos fueron (y son) una cuesti\u00f3n mucho m\u00e1s dif\u00edcil de resolver. Los conductores de un Seat 600 reci\u00e9n comprado con gran esfuerzo, cuando se enteraban de que su veh\u00edculo era un artefacto t\u00f3xico con ruedas, no quedaban nada contentos y algo de este cabreo se filtr\u00f3 incluso a la controlada prensa del R\u00e9gimen. \u201cPeligro: dr\u00e1sticas multas. El motor de gasolina, enemigo p\u00fablico n\u00ba 1\u201d titul\u00f3 ABC un reportaje especial que dedic\u00f3 al asunto (8). En plena motorizaci\u00f3n acelerada, cualquier ataque al coche en propiedad era inconcebible, y el R\u00e9gimen esgrimi\u00f3 con precauci\u00f3n sus pol\u00edticas anticontaminaci\u00f3n cuando afectaban al autom\u00f3vil.<\/p>\n<p>Madrid era el ep\u00edtome de la contaminaci\u00f3n, seguido muy de cerca o rebasado por Barcelona, pero pronto todas las grandes ciudades espa\u00f1olas empezaron a tener que lidiar con el problema. Sevilla descubri\u00f3 con horror en marzo de 1969 que su nivel de poluci\u00f3n a\u00e9rea era comparable al de Madrid (9). Bilbao era la ciudad m\u00e1s veterana a este respecto, gracias a la densa zona industrial en los m\u00e1rgenes del Nervi\u00f3n, cuya impura atm\u00f3sfera se extend\u00eda hasta la ciudad (10).<\/p>\n<p>El R\u00e9gimen del Movimiento Nacional, embarcado de lleno en la versi\u00f3n espa\u00f1ola de la Gran Aceleraci\u00f3n (el desarrollismo), se hab\u00eda convertido en una m\u00e1quina de destrucci\u00f3n ambiental desbocada. La acumulaci\u00f3n de los subproductos indeseables de la gran intensificaci\u00f3n -basuras, humos, polvos, aguas putrefactas, t\u00f3xicos\u2013 estaba adquiriendo vol\u00famenes geol\u00f3gicos. El franquismo se hab\u00eda dado de bruces con un elemento inesperado, el Antropoceno.<\/p>\n<p>Aquello pill\u00f3 por sorpresa a la Superioridad. En 1962, una reuni\u00f3n del Consejo Provincial de Sanidad de Madrid, presidida por el Gobernador Civil y Jefe Provincial del Movimiento, consider\u00f3 satisfactorio el estado sanitario de la provincia \u2013alg\u00fan brote de parotiditis, sarampi\u00f3n y gripe en descenso\u2013 y acord\u00f3 crear una comisi\u00f3n para estudiar el problema de la contaminaci\u00f3n atmosf\u00e9rica, que se ve\u00eda creciente pero no importante (11). Solo seis a\u00f1os despu\u00e9s, el alcalde de la capital ya hablaba de m\u00e1scaras antig\u00e1s.<\/p>\n<p>En Barcelona, en la segunda mitad de la d\u00e9cada de 1960, la producci\u00f3n de basuras urbanas creci\u00f3 al vertiginoso ritmo de un 10% anual, pero en volumen el aumento fue del 20%. No es de extra\u00f1ar, si se tiene en cuenta que, en solo tres a\u00f1os (1966-1969) la cantidad de pl\u00e1sticos desechados se multiplic\u00f3 por cinco (12). Tradicionalmente la eliminaci\u00f3n de basuras no costaba mucho a los municipios, pues todo lo que se pod\u00eda recuperar \u2013como los frascos de vidrio y las latas\u2013 se recuperaba, y los restos org\u00e1nicos iban directamente a alimentar animales o a abonar los huertos. Este mundo de econom\u00eda circular antes de que se inventara la econom\u00eda circular se termin\u00f3 bruscamente.<\/p>\n<p>Proliferaron millares de vertederos, que humeaban en las afueras de pueblos y ciudades. Algunos eran gigantescos, monta\u00f1as impenetrables de basura que ni el fuego consegu\u00eda reducir, produciendo pestilencia en un radio de kil\u00f3metros. As\u00ed suced\u00eda en Los Toriles y el antiguo Valdeming\u00f3mez (Madrid), Archanda (Bilbao) o Garraf (Barcelona). En Archanda la proliferaci\u00f3n de basuras chocaba con otro elemento moderno, el aeropuerto de Sondica, que tuvo que cerrar tres veces en 1975 por los humos del basurero. En Los Toriles, al sur de la ciudad de Madrid, las monta\u00f1as de basura alcanzaban a veces 25 metros de altura. El vertedero ard\u00eda y enviaba pestilencia a toda la ciudad, pero adem\u00e1s era un espect\u00e1culo: en las noches calurosas del verano, se pod\u00eda ver \u201cuna marcada estela roja en el cielo\u201d (13).<\/p>\n<p>En ausencia de depuradoras, los r\u00edos urbanos (y tambi\u00e9n industriales) compet\u00edan con los vertederos en da\u00f1ar la vista y el olfato de los ciudadanos. El Urumea era apodado \u201cLa cloaca de Espa\u00f1a\u201d. En Marcilla o Gallipienzo (Navarra) los naturales del lugar se acercaban al r\u00edo Arag\u00f3n con pa\u00f1uelos contra la nariz, para soportar la pestilencia (14). En el Arlanz\u00f3n (Burgos), \u201cLos millares de peces muertos han venido a ser otros millares de contadores Geiger, que no han se\u00f1alado el grado de contaminaci\u00f3n tan excesivo a que, desgraciadamente, hemos llegado\u201d (15). En Madrid era peor, el agua del r\u00edo Manzanares, en diversos tonos entre el gris y el marr\u00f3n, sol\u00eda ser invisible bajo espesas capas de espuma, y el hedor se notaba a cientos de metros de la orilla.<\/p>\n<p>Como respuesta, en enero de 1968 se prohibieron los detergentes no biodegradables. El decreto correspondiente (16) reconoce abiertamente que en Espa\u00f1a m\u00e1s bien falta que sobra agua, y que ya no da abasto para satisfacer una industria y unas poblaciones cada vez m\u00e1s sedientas. El resultado, r\u00edos muertos cubiertos de espuma de colores. El uso de materias primas ilegales para la fabricaci\u00f3n de los detergentes prohibidos se persegu\u00eda mediante la Ley de Contrabando. Tan notorio era el problema de la contaminaci\u00f3n que Waldo de Mier tuvo que dedicar un cap\u00edtulo entero de su panfleto de propaganda \u201cEspa\u00f1a, ese esfuerzo\u201d, de 1971 (14) al tema, que termina as\u00ed: \u201c<br \/>\n\u201cMadrid, ejemplo y s\u00edmbolo para Espa\u00f1a entera, lucha por mantener limpias y transparentes sus aguas y su cielo. Como lucha Espa\u00f1a entera&#8230;\u00bb<\/p>\n<p>Esto ocurr\u00eda en el franquismo superior. En los primeros tiempos de la dictadura, hasta el m\u00e1s l\u00edmpido y fenomenal r\u00edo truchero ten\u00eda todas las que perder ante la instalaci\u00f3n aguas arriba de cualquier fabriquita. El Nal\u00f3n en Asturias era un r\u00edo de color negro, por los desechos de carb\u00f3n, y el Urumea y el Oria en Guip\u00fazcoa ya eran r\u00edos quemados por la lej\u00eda usada en las papeleras. M\u00e1s que r\u00edos contaminados, eran r\u00edos sacrificados: \u201cLa palabra industria ha llegado a ser \u201ctab\u00fa\u201d dentro de las actividades nacionales, y a su magn\u00edfico poder todo se sacrifica\u201d, escribe en 1947 Bernardo Cano Sainz-Trapaga, Ingeniero de Montes, en la Revista de Montes (17). Aqu\u00ed entr\u00f3 una paradoja del franquismo. Los r\u00edos ya estaban envenenados cuando el R\u00e9gimen lleg\u00f3 al poder, y \u00e9ste cometi\u00f3 el error de legislar su recuperaci\u00f3n, pose\u00eddo de \u201cfecundo anhelo renovador\u201d.<\/p>\n<p>En realidad todo el asunto de la contaminaci\u00f3n se despachaba en pocas l\u00edneas en las trece p\u00e1ginas del BOE que ocupaba la Ley de pesca fluvial: resumiendo, se prohib\u00eda ensuciar las aguas, a no ser que la riqueza nacional (industrial) se metiera por medio. El resultado final es que la Superioridad autorizaba las m\u00e1s horrendas contaminaciones sin hacer el menor caso, lamentaban los t\u00e9cnicos, a \u201cla vigente ley de Pesca Fluvial, promulgada por nuestro invicto Caudillo en 20 de febrero de 1942\u201d (17). Despu\u00e9s de todo, el nuevo r\u00e9gimen totalitario, \u201cun estado fuerte \u2026 en el que vivimos\u201d (17) hab\u00eda iniciado un reseteo general del pa\u00eds, as\u00ed que los problemas cr\u00f3nicos de contaminaci\u00f3n, que la Restauraci\u00f3n hab\u00eda afrontado con gran dejadez y la dictadura de Primo de Rivera no tuvo tiempo de solucionar, a pesar de estar en su objetivo de una \u201cdictadura sanitaria\u201d, pod\u00edan ser resueltos al fin, manu militari, por as\u00ed decir. No ocurri\u00f3 tal cosa, sino la contraria.<\/p>\n<p>El nuevo punto de vista de la riqueza nacional se puede ver en esta respuesta casi po\u00e9tica de la empresa Celulosas del Queiles a las autoridades sanitarias, como reacci\u00f3n a las quejas vecinales por las aguas p\u00fatridas que soltaba la f\u00e1brica en Tarazona (Zaragoza), enviada el mismo a\u00f1o en que Bernardo Cano publicaba su lamento por los r\u00edos muertos del norte: \u201c\u2026un r\u00edo que por su corriente misma habla de su aprovechamiento industrial, no es bald\u00f3n ni vergu\u0308enza de pueblo alguno; pi\u00e9nsese en esas regiones espa\u00f1olas, el Norte, por ejemplo, que se muestran orgullosos de ver sus r\u00edos con el agua coloreada y llena de espumas como sali\u00f3 despu\u00e9s de servir a las industrias del pa\u00eds; pi\u00e9nsese en Tolosa, atravesadas por su gran r\u00edo lleno de colores y espumas industriales; en San Sebasti\u00e1n con su Urumea te\u00f1ido, ocre, rojo, negro&#8230;; y [&#8230;] estas ciudades y estas regiones son las m\u00e1s limpias de Espa\u00f1a, las m\u00e1s bellas y cuidadas, sin que esta conceptuaci\u00f3n sea rebajada por sus r\u00edos fabriles\u2026\u201d (18).<\/p>\n<p>Las autoridades sanitarias locales contestaron, con cierta sorna: \u201c[Sus] l\u00edquidos aunque ti\u00f1en de un bonito color ocre, rojo y negro, como dice el recurrente en su escrito, tambi\u00e9n producen nauseabundos aromas, percibidos por todos los transe\u00fantes y vecinos\u201d. El caso de Celulosas del Queiles mostr\u00f3 la secuencia habitual que iba a regir la consideraci\u00f3n de la protecci\u00f3n del medio ambiente, en el r\u00e9gimen del Movimiento y mucho despu\u00e9s. El argumento de que la contaminaci\u00f3n es hermosa se abandon\u00f3 pronto, pero el de \u201cno es para tanto, al final los r\u00edos (y la naturaleza en general) se autodepuran y limpian por s\u00ed mismos\u201d tuvo y sigue teniendo gran \u00e9xito.<\/p>\n<p>Tras extenuantes requerimientos arriba y abajo de la cadena de mando (demandantes, alcaldes, autoridades sanitarias, Gobernador civil, etc.), el asunto de extingu\u00eda o bien se solucionaba con alguna indemnizaci\u00f3n o, en el peor de los casos, instalando alg\u00fan sistema de depuraci\u00f3n sencillo y de bajo coste, como una simple balsa de decantaci\u00f3n. En 1950 se derog\u00f3 el Reglamento de actividades inc\u00f3modas, insalubres y peligrosas, que databa de 1925, un notable esfuerzo de la dictadura de Primo de Rivera por limpiar Espa\u00f1a. Era la \u00fanica norma legal que proteg\u00eda el capital natural del capital industrial y la explicaci\u00f3n que se dio es que se hab\u00eda quedado anticuada, hab\u00eda que redactar otra.<\/p>\n<p>En 1961 se public\u00f3 el Reglamento de actividades molestas, insalubres, nocivas y peligrosas (RAMINP para los profesionales del sector), la m\u00e1s importante norma legal anti-contaminaci\u00f3n del franquismo y sucesora de la norma primorriverista. Se cambi\u00f3 la palabra \u201cinc\u00f3modas\u201d por \u201cmolestas\u201d y se a\u00f1adi\u00f3 una nueva categor\u00eda, \u201cnocivas\u201d. La ley estableci\u00f3 cuatro tipos de agresiones ambientales: molestas, por ejemplo el polvo de una f\u00e1brica entrando en el comedor de una casa; nocivas, que merman la riqueza natural, por ejemplo un vertido de sosa c\u00e1ustica que destruye un r\u00edo truchero; insalubres, como las emanaciones p\u00fatridas y cargadas de g\u00e9rmenes de una charca contaminada con vertidos de un matadero; y peligrosas, como un almac\u00e9n de material explosivo. La Ley se promulg\u00f3 con la impl\u00edcita intenci\u00f3n de no tener que utilizarla, como el cuarto de ba\u00f1o en una casa burguesa.<\/p>\n<p>En 1961 se inici\u00f3 el despegue industrial a lo grande, con un aumento del grado de contaminaci\u00f3n que se puede estimar sin exageraci\u00f3n en un 10% anual. En 1969 hubo que aplicar el Reglamento, a ra\u00edz de los sucesos de Erandio, junto a Bilbao.<\/p>\n<p>En Erandio, como en el caso de las aguas limpias vs. producci\u00f3n industrial, dos elementos chocaron, y perdi\u00f3 el aire limpio ante el orden p\u00fablico. Todo empez\u00f3 el 29 de octubre de 1969, cuando \u00ab&#8230;a \u00faltima hora de la tarde [&#8230;], una gran masa de gases procedentes de escapes en las industrias vecinas comenz\u00f3 a invadir el barrio de Erandio. Hubo momentos en que la atm\u00f3sfera se hizo pr\u00e1cticamente irrespirable y apenas se ve\u00eda a unos metros de distancia\u00bb (19). Cientos de vecinos, literalmente asfixiados, se echaron a la calle en protesta y la polic\u00eda dispar\u00f3. Hubo dos muertos y varios heridos, el d\u00eda 29 y el siguiente. La nota de la alcald\u00eda de Bilbao, el primer d\u00eda, critic\u00f3 la actuaci\u00f3n del vecindario de Erandio al alterar el orden p\u00fablico, medio ambiente sagrado durante el franquismo, \u00abque es patrimonio de todos los ciudadanos y que las autoridades competentes tienen la obligaci\u00f3n de imponer y mantener\u00bb.<\/p>\n<p>Se aplic\u00f3 el Reglamento de actividades molestas, nocivas, insalubres y peligrosas y se orden\u00f3 la paralizaci\u00f3n de dos industrias, Remetal e Indumetal. Las dos contratacaron alegando que no vert\u00edan gases nocivos, \u00absino solamente humo\u00bb y anunciando una querella contra la alcaldesa, Pilar Careaga (20). Tambi\u00e9n alegaron, sin faltar a la verdad, que en Espa\u00f1a \u201cno existen normas legales sobre la poluci\u00f3n atmosf\u00e9rica\u201d, y anunciaron su intenci\u00f3n de seguir las normas sovi\u00e9ticas sobre contaminaci\u00f3n (!), que ten\u00edan fama en la \u00e9poca de ser las m\u00e1s severas del mundo. Por fin se aplic\u00f3 otra Ley, esta vez de tipo territorial, la de 1956, sobre R\u00e9gimen del Suelo y Ordenaci\u00f3n Urbana: se suspendieron los permisos para construcci\u00f3n de edificios industriales en la zona de Erandio y Valle de As\u00faa, durante un a\u00f1o. Remetal aleg\u00f3 que llevaba diez a\u00f1os funcionando en terrenos \u00abdeclarados de \u00abindustria libre\u00bb (20).<\/p>\n<p>El RAMINP resultaba tan flojo para sancionar graves da\u00f1os que en 1973 el Gobernador de Huelva consult\u00f3 con la Comisi\u00f3n Central de Saneamiento (creada en 1963 como \u00f3rgano nacional de sanidad ambiental) la posibilidad de aplicar la Ley de Orden P\u00fablico a Fertilizantes Iberia, para sancionar vertidos de \u00e1cido sulf\u00farico y otros. La Ley de Orden P\u00fablico permit\u00eda imponer multazos tremendos a los infractores de este elemento sagrado del franquismo, mientras que las multitas del RAMINP resultaban bastante rid\u00edculas para una empresa del tama\u00f1o de Fertiberia (21).<\/p>\n<p>La industrializaci\u00f3n acelerada de la d\u00e9cada de 1960 convoc\u00f3 la aparici\u00f3n de nuevos peligros. Los grandes enemigos tradicionales de la salud p\u00fablica, las enfermedades contagiosas, asociadas a la suciedad y el hacinamiento, llevaban d\u00e9cadas de retroceso. Entre 1930 y 1970, la probabilidad de dejar este mundo por causa de una enfermedad infecciosa se dividi\u00f3 por cuatro. La tuberculosis estaba casi erradicada en 1970, con menos de un 1,5% del total de muertes achacables, cuando hab\u00eda sido un problema tan importante en d\u00e9cadas anteriores. Como estaba espec\u00edficamente asociada a la pobreza urbana, era una buena noticia, aunque la situaci\u00f3n no era tan buena en Andaluc\u00eda Occidental (Huelva, Sevilla y C\u00e1diz).<\/p>\n<p>Otras noticias no eran tan buenas. Las enfermedades del coraz\u00f3n hab\u00edan pasado de suponer el 17% de las muertes en 1956 a m\u00e1s del 22% en 1970; entre 1930 y 1970 la probabilidad de morir por fallo card\u00edaco se duplic\u00f3 de largo. El endurecimiento de las arterias iba en paralelo al aumento de la importancia del c\u00e1ncer. La mortalidad por esta causa ni siquiera estaba entre las 10 primeras causas de muerte en 1900, pero en 1970 ya ocupaba uno de los primeros lugares, con m\u00e1s del 16% de los fallecimientos: en s\u00f3lo 28 a\u00f1os (1941-1969) la mortalidad por c\u00e1ncer hab\u00eda crecido un 222%. Los tumores malignos y las enfermedades cardiovasculares tienen la propiedad de crecer a la par de la industrializaci\u00f3n, la contaminaci\u00f3n y, parad\u00f3jicamente, de la esperanza de vida.<\/p>\n<p>Hab\u00eda nuevos esp\u00edritus malignos en el aire, las aguas y los alimentos. En 1972 se dio la alerta sobre la aparici\u00f3n de g\u00e9rmenes resistentes a los antibi\u00f3ticos (por ejemplo, el viejo conocido E. coli transformado en un nuevo y peligroso microorganismo), por el abuso de estas sustancias en la ganader\u00eda intensiva que se organizaba por todo el pa\u00eds (22).<\/p>\n<p>Los accidentes pod\u00edan revelar la afluencia de t\u00f3xicos al pa\u00eds. En octubre de 1970 el carguero Erkowit naufrag\u00f3 y fue varado en la costa de Oleiros (A Coru\u00f1a). Llevaba diez toneladas de una variante del Dieldrin (23), un pesticida muy t\u00f3xico que arras\u00f3 la vida marina de la zona durante mucho tiempo. Pero las nuevas mol\u00e9culas peligrosas ya estaban en todas partes. Hacia 1975, la ingesti\u00f3n media diaria de plaguicidas de una persona en Espa\u00f1a ya era considerable, en 78,4 microgramos pd de DDT y 13,8 mgpd de Lindano (24).<\/p>\n<p>El 5 de junio de 1977, en la Plaza de Sant Jaume de Barcelona, se reuni\u00f3 un grupo de gente de aspecto sospechoso. Era una manifestaci\u00f3n ecologista convocada por el Comit\u00e9 Antinuclear de Catalu\u00f1a, que fue disuelta sin contemplaciones (25). Sus portavoces se quejaron de que se permitiera la libre expresi\u00f3n de los partidos pol\u00edticos en las calles de Barcelona, mientras que las reivindicaciones por un medio ambiente sano eran recibidas a palos. Ese mismo d\u00eda, en la Feria Internacional de Barcelona se present\u00f3 \u2013con gente mejor trajeada\u2013 el Informe general sobre el Medio Ambiente en Espa\u00f1a.<\/p>\n<p>Las dos noticias salieron en peri\u00f3dicos repletos de propaganda electoral: las elecciones generales, las primeras desde febrero de 1936, se celebraban diez d\u00edas despu\u00e9s. El 5 de junio era y es una fecha importante del santoral ecologista, el D\u00eda Mundial del Medio Ambiente. Conmemora la apertura de la Conferencia de Estocolmo en 1972.<\/p>\n<p>El Informe general presentado era un tocho descomunal, 1.037 p\u00e1ginas de gran formato con mapas, tablas y gr\u00e1ficos. Nueve semanas despu\u00e9s de la disoluci\u00f3n oficial del Movimiento Nacional, el mamotreto mostraba la otra cara de la gran transformaci\u00f3n del pa\u00eds que se hab\u00eda desarrollado en los casi cuarenta a\u00f1os de vigencia del R\u00e9gimen. En lugar de pulcros regad\u00edos, ordenadas repoblaciones forestales y nuevos barrios ajardinados, r\u00edos p\u00fatridos circulando entre monta\u00f1as de basura pl\u00e1stica, bajo un cielo espeso de contaminaci\u00f3n sulf\u00farica.<\/p>\n<p>Se puede estimar con fundamento que el total de sustancias contaminantes vertidas a la atm\u00f3sfera, las aguas y el suelo supon\u00eda aproximadamente una tonelada por habitante al a\u00f1o, hacia 1975. La misma cifra, en 1940, no deb\u00eda ser muy superior a un quintal, cien kilos. El r\u00e9gimen del Movimiento Nacional hab\u00eda conseguido multiplicar por diez la tasa nacional de contaminaci\u00f3n per c\u00e1pita. La Espa\u00f1a urbana e industrial de 1977 deb\u00eda caminar hacia la democracia, y tambi\u00e9n hacia la descontaminaci\u00f3n.<\/p>\n<p>\u2014&#8212;&#8212;&#8212;&#8212;&#8211;<\/p>\n<p>1- Campa\u00f1a de prevenci\u00f3n de incendios forestales. A\u00f1o 1968. Ministerio para la Transici\u00f3n Ecol\u00f3gica y el Reto Demogr\u00e1fico. Biodiversidad y Bosques &gt; Temas &gt; Incendios forestales (www.miteco.gob.es).<\/p>\n<p>2- Ley 81\/1968, de 5 de diciembre, sobre Incendios Forestales.<\/p>\n<p>3- La Vanguardia, 26 de agosto de 1973.<\/p>\n<p>4- ABC, 1 de marzo de 1968.<\/p>\n<p>5- La Vanguardia, 4 de septiembre de 1968.<\/p>\n<p>6- Blanco y Negro, 29 de enero de 1972<\/p>\n<p>7- ABC 17 de julio de 1975.<\/p>\n<p>8- Mundom\u00f3vil, p\u00e1ginas del motor. ABC, 15 de octubre de 1968.<\/p>\n<p>9- La Vanguardia, 22 de marzo de 1969.<\/p>\n<p>10- En la V Reuni\u00f3n de Sanitarios Espa\u00f1oles. ABC, 22 de abril de 1959.<\/p>\n<p>11- ABC, 22 de febrero de 1962.<\/p>\n<p>12- Gregorio Ras Oliva: Eliminaci\u00f3n de las basuras urbanas. Influencia de los factores locales y de la composici\u00f3n de aqu\u00e9llas. Revista de Estudios de la Vida Local, n\u00ba 163, 1969.<\/p>\n<p>13- Alicia D\u00edez de Balde\u00f3n: el Siglo XX. En Historia de Villaverde, Ayuntamiento de Madrid, 1986.<\/p>\n<p>14- Waldo de Mier, Espa\u00f1a, ese esfuerzo, Editora Nacional, 1971.<\/p>\n<p>15- \u00abLa masacre del Arlanz\u00f3n\u00bb, una gran mortandad de peces el 16 de octubre de 1970- Hoja del Lunes (Burgos), 26 de octubre de 1970.<\/p>\n<p>16- Presidencia del Gobierno. Decreto 93\/1968, de 18 de enero, sobre prohibici\u00f3n del uso de detergentes nO-biodegradables.<\/p>\n<p>17- Bernardo Cano Sainz-Trapaga: El Servicio Nacional de Pesca Fluvial y las industrias. Revista de Montes, 1947.<\/p>\n<p>18- Respuesta del Gerente de Celulosas del Queiles, 26 de mayo de 1947. Pablo Corral-Broto. \u00bfUna sociedad ambiental? : historia de los conflictos ambientales bajo la dictadura franquista en Arag\u00f3n (1939-1979). History. Ecole des hautes \u00e9tude en sciences sociales, Universidad de Granada, 2014.<\/p>\n<p>19- La Vanguardia, 30 de octubre de 1969.<\/p>\n<p>20- La Vanguardia, 1 de noviembre de 1969.<\/p>\n<p>21- Pablo Corral-Broto: \u201cHistoria de la corrupci\u00f3n ambiental en Espa\u00f1a, 1939-1979. \u00bfFranquismo o industrializaci\u00f3n?\u201d, Hispania Nova, 16, p\u00e1gs. 646-684, 2018.<\/p>\n<p>22- David Bay\u00f3n, en La Voz de Galicia: \u00abOtro riesgo inminente de cat\u00e1strofe biol\u00f3gica. El abuso de antibi\u00f3ticos en ganader\u00eda\u00bb. La Mesta, 21 de septiembre de 1972.<\/p>\n<p>23- Octavio Aparicio: La sanidad ambiental. Diario de \u00c1vila, 10 de julio de 1972.<\/p>\n<p>24- A. Ortu\u00f1o Mart\u00ednez y A. Alonso-Allende Yohn: Influencia de los plaguicidas en la industrializaci\u00f3n agraria. Publicaciones de la Universidad de Murcia- . Papeles del Departamento de Geograf\u00eda-n\u00ba 7 &#8211; A\u00f1o 1976-77 &#8211; 1979.<\/p>\n<p>25- Hoja del Lunes, edici\u00f3n Barcelona, 6 de junio de 1977.<\/p>\n<!-- AddThis Advanced Settings generic via filter on the_content -->","protected":false},"excerpt":{"rendered":"<p>Fotograma final de una cu\u00f1a de la campa\u00f1a contra incendios forestales, 1962-1963. Ministerio para la Transici\u00f3n Ecol\u00f3gica y el Reto Demogr\u00e1fico. Primer plano de un &hellip; <!-- AddThis Advanced Settings generic via filter on get_the_excerpt --><\/p>\n","protected":false},"author":1,"featured_media":18856,"comment_status":"open","ping_status":"open","sticky":false,"template":"","format":"standard","meta":{"jetpack_post_was_ever_published":false,"footnotes":"","jetpack_publicize_message":"","jetpack_is_tweetstorm":false,"jetpack_publicize_feature_enabled":true,"jetpack_social_post_already_shared":true,"jetpack_social_options":[]},"categories":[3083,3107],"tags":[],"Asuntos":[3375],"jetpack_publicize_connections":[],"jetpack_featured_media_url":"https:\/\/aeropinakes.com\/wordpress\/wp-content\/uploads\/2026\/07\/1962-udpuedeevitarlodestacada.jpg","jetpack_sharing_enabled":true,"jetpack_shortlink":"https:\/\/wp.me\/p7HKWx-4U6","jetpack-related-posts":[{"id":3755,"url":"https:\/\/aeropinakes.com\/wordpress\/1989\/02\/26\/aviones-contra-incendios-forestales\/","url_meta":{"origin":18854,"position":0},"title":"Un avi\u00f3n canadiense para el Mediterr\u00e1neo","date":"1989","format":false,"excerpt":"\u00a0 Un CL-215 del Ej\u00e9rcito del Aire a finales de la d\u00e9cada de 1980. \u00a0 Aunque originado por una especificaci\u00f3n de la Provincia de Qu\u00e9bec, en Canad\u00e1, el CL-215 es un avi\u00f3n m\u00e1s propio del Mediterr\u00e1neo, pues ejerce su misi\u00f3n contra los incendios forestales (adem\u00e1s de en Canad\u00e1 y Estados\u2026","rel":"","context":"En \u00ab1989\u00bb","img":{"alt_text":"canadaircl215edela1988","src":"https:\/\/i0.wp.com\/aeropinakes.com\/wordpress\/wp-content\/uploads\/2015\/02\/canadaircl215edela1988.jpg?resize=350%2C200","width":350,"height":200},"classes":[]},{"id":8814,"url":"https:\/\/aeropinakes.com\/wordpress\/1985\/10\/11\/un-avion-bombero-canadiense-para-quebec\/","url_meta":{"origin":18854,"position":1},"title":"Un avi\u00f3n bombero para Qu\u00e9bec","date":"1985","format":false,"excerpt":"\u00a0 Un Canadair CL-215 del servicio forestal del Gobierno de Quebec a mediados de la d\u00e9cada de 1980. \u00a0 El CL-215 se inspir\u00f3 lejanamente en el hidroavi\u00f3n Convair Catalina y fue dise\u00f1ado espec\u00edficamente en Canad\u00e1 para combatir incendios forestales, a finales de la d\u00e9cada de 1960. El primer comprador fue\u2026","rel":"","context":"En \u00ab1985\u00bb","img":{"alt_text":"","src":"https:\/\/i0.wp.com\/aeropinakes.com\/wordpress\/wp-content\/uploads\/2016\/10\/canadaircl215gquebec1985.jpg?resize=350%2C200&ssl=1","width":350,"height":200},"classes":[]},{"id":3837,"url":"https:\/\/aeropinakes.com\/wordpress\/2005\/02\/28\/3837\/","url_meta":{"origin":18854,"position":2},"title":"Vigilancia a\u00e9rea del paisaje catal\u00e1n","date":"2005","format":false,"excerpt":"\u00a0 Cessna Skymaster del Cos d\u2019Agents Rurals de la Generalitat de Catalunya, hacia 2005 \u00a0 La especialidad de vigilancia a\u00e9rea del Cos d\u2019Agents Rurals (Cuerpo de Agentes Rurales) se cre\u00f3 en 1988, dos a\u00f1os despu\u00e9s de la creaci\u00f3n del cuerpo, aunque el origen de este se remonta a 1627, cuando\u2026","rel":"","context":"En \u00ab2005\u00bb","img":{"alt_text":"cessnaskymastercar2005","src":"https:\/\/i0.wp.com\/aeropinakes.com\/wordpress\/wp-content\/uploads\/2015\/02\/cessnaskymastercar2005.jpg?resize=350%2C200","width":350,"height":200},"classes":[]},{"id":7338,"url":"https:\/\/aeropinakes.com\/wordpress\/2016\/05\/25\/avion-bombero-en-sesena\/","url_meta":{"origin":18854,"position":3},"title":"Avi\u00f3n bombero en  Sese\u00f1a","date":"2016","format":false,"excerpt":"(Foto AFP \/ Pedro Armestre) \"En un momento dado, vi un Canadair que hac\u00eda un vuelo de reconocimiento. Por mi experiencia en materia de incendios forestales, pude anticipar d\u00f3nde iba a lanzar el agua. Tuve el tiempo justo de correr hasta lo alto de una colina y fotografiar durante su\u2026","rel":"","context":"En \u00ab2016\u00bb","img":{"alt_text":"","src":"https:\/\/i0.wp.com\/aeropinakes.com\/wordpress\/wp-content\/uploads\/2016\/05\/spain-tires-fire-06.jpg?resize=350%2C200&ssl=1","width":350,"height":200},"classes":[]},{"id":18655,"url":"https:\/\/aeropinakes.com\/wordpress\/2025\/10\/08\/el-ejercito-de-pinos-y-la-sociedad-de-los-arboles\/","url_meta":{"origin":18854,"position":4},"title":"El ej\u00e9rcito de los pinos y la sociedad de los \u00e1rboles","date":"2025","format":false,"excerpt":"Parte de la portada del folleto \"El acervo forestal\" . Temas espa\u00f1oles, 1955. Todo empez\u00f3 en Soria, en un seguramente fr\u00edo d\u00eda de enero de 1939, cuando dos ingenieros forestales de alto rango echaron el cierre a un documento titulado modestamente Plan para la repoblaci\u00f3n forestal de Espa\u00f1a (1). Cumpl\u00edan\u2026","rel":"","context":"En \u00abBlog\u00bb","img":{"alt_text":"","src":"https:\/\/i0.wp.com\/aeropinakes.com\/wordpress\/wp-content\/uploads\/2025\/10\/acervoforestal.jpg?resize=350%2C200&ssl=1","width":350,"height":200},"classes":[]},{"id":18182,"url":"https:\/\/aeropinakes.com\/wordpress\/1979\/02\/07\/el-peligroso-backfire\/","url_meta":{"origin":18854,"position":5},"title":"El peligroso Backfire","date":"1979","format":false,"excerpt":"Un Tupolev Tu-22M de la fuerza a\u00e9rea de Rusia, a mediados de la d\u00e9cada de 2010. El tratado entre los Estados Unidos de Am\u00e9rica y la Uni\u00f3n de Rep\u00fablicas Socialistas Sovi\u00e9ticas sobre limitaci\u00f3n de armas estrat\u00e9gicas ofensivas, firmado en Viena en junio de 1979, se dedic\u00f3 en buena parte a\u2026","rel":"","context":"En \u00ab1979\u00bb","img":{"alt_text":"","src":"https:\/\/i0.wp.com\/aeropinakes.com\/wordpress\/wp-content\/uploads\/2021\/02\/tupolevtu22m-2017.jpg?resize=350%2C200&ssl=1","width":350,"height":200},"classes":[]}],"jetpack_likes_enabled":true,"_links":{"self":[{"href":"https:\/\/aeropinakes.com\/wordpress\/wp-json\/wp\/v2\/posts\/18854"}],"collection":[{"href":"https:\/\/aeropinakes.com\/wordpress\/wp-json\/wp\/v2\/posts"}],"about":[{"href":"https:\/\/aeropinakes.com\/wordpress\/wp-json\/wp\/v2\/types\/post"}],"author":[{"embeddable":true,"href":"https:\/\/aeropinakes.com\/wordpress\/wp-json\/wp\/v2\/users\/1"}],"replies":[{"embeddable":true,"href":"https:\/\/aeropinakes.com\/wordpress\/wp-json\/wp\/v2\/comments?post=18854"}],"version-history":[{"count":2,"href":"https:\/\/aeropinakes.com\/wordpress\/wp-json\/wp\/v2\/posts\/18854\/revisions"}],"predecessor-version":[{"id":18857,"href":"https:\/\/aeropinakes.com\/wordpress\/wp-json\/wp\/v2\/posts\/18854\/revisions\/18857"}],"wp:featuredmedia":[{"embeddable":true,"href":"https:\/\/aeropinakes.com\/wordpress\/wp-json\/wp\/v2\/media\/18856"}],"wp:attachment":[{"href":"https:\/\/aeropinakes.com\/wordpress\/wp-json\/wp\/v2\/media?parent=18854"}],"wp:term":[{"taxonomy":"category","embeddable":true,"href":"https:\/\/aeropinakes.com\/wordpress\/wp-json\/wp\/v2\/categories?post=18854"},{"taxonomy":"post_tag","embeddable":true,"href":"https:\/\/aeropinakes.com\/wordpress\/wp-json\/wp\/v2\/tags?post=18854"},{"taxonomy":"asunto","embeddable":true,"href":"https:\/\/aeropinakes.com\/wordpress\/wp-json\/wp\/v2\/Asuntos?post=18854"}],"curies":[{"name":"wp","href":"https:\/\/api.w.org\/{rel}","templated":true}]}}