{"id":18679,"date":"2025-10-21T19:39:16","date_gmt":"2025-10-21T17:39:16","guid":{"rendered":"https:\/\/aeropinakes.com\/wordpress\/?p=18679"},"modified":"2025-10-21T19:39:39","modified_gmt":"2025-10-21T17:39:39","slug":"la-breve-edad-de-oro-del-servicio-militar","status":"publish","type":"post","link":"https:\/\/aeropinakes.com\/wordpress\/2025\/10\/21\/la-breve-edad-de-oro-del-servicio-militar\/","title":{"rendered":"La breve edad de oro del servicio militar"},"content":{"rendered":"<p><img loading=\"lazy\" decoding=\"async\" class=\"aligncenter wp-image-18680 size-full\" src=\"https:\/\/aeropinakes.com\/wordpress\/wp-content\/uploads\/2025\/10\/esqueletodisparando-RET-114.jpg\" alt=\"\" width=\"941\" height=\"666\" srcset=\"https:\/\/aeropinakes.com\/wordpress\/wp-content\/uploads\/2025\/10\/esqueletodisparando-RET-114.jpg 941w, https:\/\/aeropinakes.com\/wordpress\/wp-content\/uploads\/2025\/10\/esqueletodisparando-RET-114-300x212.jpg 300w, https:\/\/aeropinakes.com\/wordpress\/wp-content\/uploads\/2025\/10\/esqueletodisparando-RET-114-120x85.jpg 120w\" sizes=\"(max-width: 941px) 100vw, 941px\" \/><\/p>\n<h6>C\u00f3mo colocarse para el tiro al blanco con fusil de guerra, posici\u00f3n en pie (detalle). Del art\u00edculo \u00abTiro al blanco\u00bb, por el capit\u00e1n de artiller\u00eda Fernando \u00c1lvarez de Alarc\u00f3n, del Regimiento de Costa de Catalu\u00f1a. Revista Ej\u00e9rcito, n\u00ba 114, julio de 1949.<\/h6>\n<p>El verano de 1943, alguien confundi\u00f3 el Alarde de Fuenterrab\u00eda (Hondarribia) con un desfile militar y mand\u00f3 construir una tribuna a un lado del recorrido para que el General\u00edsimo pudiera revistar a las tropas. El resultado fue digno de una pel\u00edcula de Berlanga. Encaramado Franco en el podio, comenz\u00f3 a desfilar ante \u00e9l la compa\u00f1\u00eda de hacheros que siempre abre el Alarde. Los hacheros llevan un vistoso uniforme, una caricatura de los gastadores de Napole\u00f3n (aunque el hecho que conmemora el alarde fue un sitio de 1638). Con sus enormes morriones de lana de oveja latxa, delantal de cuero, grandes barbas postizas y otros admin\u00edculos festivos, los hatxeros desfilaron marcialmente ante el dictador, que mantuvo el tipo y levant\u00f3 el brazo para saludar unas cuantas veces. A un lado, la mujer del general\u00edsimo y varias esposas de generales no pod\u00edan ocultar su desconcierto (1).<\/p>\n<p>Aquello fue una casualidad. Por lo general el General\u00edsimo revistaba tropas de verdad, y se relacionaba con militares aut\u00e9nticos. Por detr\u00e1s de todos los decorados cat\u00f3licos, falangistas y tradicionalistas hab\u00eda un grupo de militares patriotas que hab\u00edan decidido salvar Espa\u00f1a, ese era el n\u00facleo duro del R\u00e9gimen. Se puede ver como el triunfo definitivo del concepto de ej\u00e9rcito columna vertebral. Olvidado ya el papel de escudo y espada de la patria, el ej\u00e9rcito se transform\u00f3 en el armaz\u00f3n de la naci\u00f3n, la estructura general de sujecci\u00f3n, mando y control.<\/p>\n<p>Con este fin, contaba con un numeroso cuerpo profesional de unos 30.000 efectivos, endurecido por la guerra, que iba desde los viejos generales de promociones anteriores a la de Franco, pero que le serv\u00edan con m\u00e1s o menos interesada lealtad, a los alf\u00e9reces provisionales creados en la misma guerra, muchos de los cuales se hicieron profesionales e hicieron del ej\u00e9rcito su modo de vida. El Ej\u00e9rcito funcionaba como instituci\u00f3n militar pero tambi\u00e9n estaba s\u00f3lidamente infiltrado en puestos claves de la sociedad civil: los oficiales de la Polic\u00eda Armada y la Guardia Civil deb\u00edan ser militares, por ejemplo, pero la cosa llegaba m\u00e1s lejos, al estimularse la entrada de oficiales (no como representantes del ej\u00e9rcito (2), sino como profesionales o funcionarios con un plus de autoridad, \u201cpremium\u201d por as\u00ed decir) en la ense\u00f1anza, la carrera judicial, la industria y en general cualquier instituci\u00f3n relevante. Era una versi\u00f3n de la idea de Primo de Rivera de los \u201coficiales de distrito\u201d, pero menos expl\u00edcita.<\/p>\n<p>Organizado como ej\u00e9rcito de ocupaci\u00f3n y control de su propio pa\u00eds y de sus posesiones coloniales, nunca tuvo que ejercer la violencia directa en el interior, y en las colonias la \u00faltima vez fue en Ifni, en 1958. Tras muchos a\u00f1os de Ej\u00e9rcito de guarnici\u00f3n, regularmente repartido por el pa\u00eds, en 1965 lleg\u00f3 el momento de sumar el asunto militar a la oleada de modernizaci\u00f3n general. El PLP (Plan a largo Plazo) dividi\u00f3 el Ej\u00e9rcito en dos partes: las FII (Fuerzas de Intervenci\u00f3n Inmediata) y las FDOT (Fuerzas de Defensa Operativa del Territorio). Las FII deb\u00edan estar listas para enfrentar amenazas exteriores, pero tambi\u00e9n \u201cuna guerra de tipo revolucionario\u201d. Las FDOT deb\u00edan hacer frente principalmente a \u201ccualquier g\u00e9nero de amenaza interna del territorio nacional\u201d (3). La modernizaci\u00f3n militar dej\u00f3 pues intacta la misi\u00f3n principal de control interior.<\/p>\n<p>Las fuerzas militares (exceptuando la Guardia Civil) eran algo as\u00ed como la disuasi\u00f3n nuclear durante la guerra fr\u00eda: estaban siempre listas para ser utilizadas, pero nunca hubo que hacerlo. Ni siquiera en situaciones cuasi-insurreccionales, como el Pa\u00eds Vasco en la d\u00e9cada de 1970, se ech\u00f3 mano del ej\u00e9rcito. Los militares recordaban su papel peri\u00f3dicamente juzgando los delitos horrendos e imperdonables contra la patria (separatismo, injurias al ej\u00e9rcito, etc.) en consejos de guerra sumar\u00edsimos, es decir ultrarr\u00e1pidos. El Ej\u00e9rcito y las fuerzas armadas en general funcionaban en segundo plano, omnipresentes pero sin intervenci\u00f3n directa. Parte de esta omnipresencia ven\u00eda de la multitud de quintos uniformados que recorr\u00edan las ciudades de todo el pa\u00eds. Esas multitudes de soldados eran una versi\u00f3n reducida del enorme ej\u00e9rcito que hab\u00eda ganado la guerra civil.<\/p>\n<p>La cantidad de gente militar en Espa\u00f1a en abril de 1939 era enorme. Su n\u00famero se calculaba en unos dos millones de personas, m\u00e1s o menos repartida a partes iguales entre el ej\u00e9rcito republicano y el nacional. Quiere decirse que ya se hab\u00eda alcanzado la movilizaci\u00f3n total por primera vez en la historia del pa\u00eds. Casi una de cada diez personas de cualquier condici\u00f3n estaba bajo las armas, pues la poblaci\u00f3n espa\u00f1ola total alcanzaba solo los 24 millones de personas. Descontando mujeres, ancianos y ni\u00f1os, y restando el porcentaje de in\u00fatiles para el servicio, toda la poblaci\u00f3n masculina en edad militar estaba efectivamente en diferentes fases de entrada y salida en el ej\u00e9rcito.<\/p>\n<p>Cuando acab\u00f3 la guerra, los soldados de la Rep\u00fablica pasaron a los campos de concentraci\u00f3n y acto seguido a engrosar las filas del ej\u00e9rcito nacional. Entre unas cosas y otras, no eran raros per\u00edodos de estancia efectiva en el Ej\u00e9rcito de cinco y seis a\u00f1os. Toda esta enorme poblaci\u00f3n militar ten\u00eda que ser alojada, vestida y alimentada. Se public\u00f3 un plan urgente de construcci\u00f3n de cuarteles, con especificaciones muy espartanas. La comida era un grave problema. La raci\u00f3n oficial bordeaba la desnutrici\u00f3n, a no ser que la unidad militar contara con granja y huerta propia.<\/p>\n<p>Muy lentamente, los grandes efectivos militares se fueron reduciendo. El Ej\u00e9rcito de Tierra pas\u00f3 de 320.000 efectivos en 1950 a 260.000 en 1970 (2). En conjunto, las fuerzas militares todav\u00eda alcanzaban las 400.000 personas hacia 1990, para una poblaci\u00f3n total de 36 millones.<\/p>\n<p>Desde el punto de vista de la clase de tropa, el ej\u00e9rcito era algo que llegaba inexorablemente una vez que se cumpl\u00eda la edad adecuada. El R\u00e9gimen controlaba as\u00ed de manera militar y directa a la poblaci\u00f3n masculina adulta de menos edad, incluyendo su aspecto f\u00edsico y su salud. El servicio militar obligatorio para todo el mundo es una caracter\u00edstica peculiar del franquismo que no hab\u00eda existido antes \u2013la reforma de 1912 elimin\u00f3 la posibilidad de librarse del servicio pagando, pero conserv\u00f3 la posibilidad de suavizarlo mucho a cambio de dinero\u2013 y se arrastr\u00f3 todav\u00eda dos d\u00e9cadas m\u00e1s, ya en el r\u00e9gimen democr\u00e1tico.<\/p>\n<p>El servicio militar universal fue un elemento importante del ecosistema del franquismo. Se supon\u00eda que el Ej\u00e9rcito era una especie de gran batidora institucional, una m\u00e1quina de normalizaci\u00f3n. A los que no sab\u00edan leer se les ense\u00f1aba, y se les alentaba a sacar el graduado escolar. A los intelectuales se les bajaban los humos. Los gallegos conoc\u00edan Andaluc\u00eda, y los madrile\u00f1os Catalu\u00f1a. Todos com\u00edan lo mismo, vest\u00edan igual y hablaban el mismo castellano bat\u00faa. Tras el a\u00f1o y medio o m\u00e1s de rigor, se les daba la cartilla militar cumplimentada y firmada por una alta autoridad militar y se les devolv\u00eda a la sociedad civil. \u201cServicio militar cumplido\u201d era un requisito com\u00fan en las ofertas de empleo, y para bastantes personas sin ninguna cualificaci\u00f3n profesional, la hoja de servicios era lo \u00fanico que se pod\u00eda mostrar a un posible empleador. \u201cDel mismo modo que el abogado o el m\u00e9dico tienen el t\u00edtulo universitario colgado en la antesala, \u00e9l llevar\u00e1 la hoja de servicios en la cartera y la sacar\u00e1 a la menor ocasi\u00f3n, cuando necesite apoyar sus afirmaciones.<br \/>\n\u2013Un momento, que esto no lo digo yo. Lo dice el capit\u00e1n general.\u201d (4)<\/p>\n<p>El servicio lejos de casa ten\u00eda una importancia muy grande en la sociedad rural. Era una de las pocas oportunidades de conocer mundo, sobre todo la ciudad. Result\u00f3 ser un motor de la migraci\u00f3n interior, cuando el hijo que hac\u00eda el servicio en una ciudad encontraba trabajo all\u00ed y mandaba llamar a su familia. Aquello termin\u00f3 por preocupar a los militares. Encuestas realizadas en 1951 entre quintos de varios regimientos en Catalu\u00f1a mostraron que muchos soldados de pueblo ten\u00edan unas ganas extraordinarias de emigrar a la gran ciudad, que muchos hab\u00edan conocido durante el servicio militar. Las grandes ciudades ten\u00edan grandes cuarteles. El autor de las encuestas advierte el peligro: \u201cadvirtamos a los muchachos &#8230;que no todo en la ciudad son las Ramblas de Barcelona, la Castellana de Madrid, el paseo de la Independencia de Zaragoza o la plaza de Castelar en Valencia; que a no mucha distancia existen las barriadas de Montjuich, Vallecas, Torrero y Ruzafa, y que ser\u00e1 en ellas, sin los lujos ni espl\u00e9ndidas iluminaciones que les fascinan, sino entre el polvo, el barro y la inmundicia, donde tendr\u00e1n que conformarse con instalar su hogar (5).\u201d<\/p>\n<p>Cuando la situaci\u00f3n de las quintas se normaliz\u00f3 hacia 1943, la inmensa mayor\u00eda de la poblaci\u00f3n en edad apropiada (varones en torno a los 20 a\u00f1os de edad) comenz\u00f3 a pasar de manera regular por las horcas caudinas del Ej\u00e9rcito, sin apenas excepciones (la Armada y la Aviaci\u00f3n ten\u00edan sus propios sistemas, mucho m\u00e1s basados en el voluntariado). A lo largo del franquismo el porcentaje de pr\u00f3fugos descendi\u00f3, as\u00ed como el de excedentes de cupo y el de in\u00fatiles para el servicio. El R\u00e9gimen dispon\u00eda de un aparato administrativo suficiente para detectar con m\u00e1s precisi\u00f3n que a comienzos del siglo XX, y no digamos durante el siglo XIX, qui\u00e9n estaba obligado a hacer el servicio y su situaci\u00f3n. El Estado ten\u00eda ahora lo que no hab\u00eda tenido antes: ficheros puestos al d\u00eda y m\u00e1s tarde organizados electr\u00f3nicamente de todos los mozos en edad militar. Esta circunstancia t\u00e9cnica se uni\u00f3 a otra pol\u00edtica: el franquismo ya no pod\u00eda aceptar el antiguo sistema de librarse del servicio a cambio de dinero, al menos expl\u00edcitamente, al ser el ej\u00e9rcito la Instituci\u00f3n Perfecta, una entidad casi sagrada.<\/p>\n<p>Hab\u00eda dos caminos para reducir la duraci\u00f3n del servicio, que era de dos a\u00f1os m\u00e1ximos para todo el mundo. Tener la instrucci\u00f3n premilitar hecha en las Milicias de FET y de las JONS la dejaba en a\u00f1o y medio como m\u00e1ximo. Las clases con m\u00e1s dinero pod\u00edan hacer el servicio con m\u00e1s comodidad, a plazos, hasta un total de un a\u00f1o, durante los veranos (la llamada milicia universitaria), que adem\u00e1s formaba oficiales \u2013herederos de los alf\u00e9reces provisionales de la guerra civil, y los mandos naturales de los quintos procedentes del pueblo llano.<\/p>\n<p>El servicio militar, que comenz\u00f3 a llamarse \u201cla mili\u201d hacia 1970, quitando hierro a la anterior expresi\u00f3n \u201cel servicio\u201d, dur\u00f3 24 meses, dos a\u00f1os cumplidos, desde 1943 a 1968. De ah\u00ed pas\u00f3 a 18 meses, duraci\u00f3n que permaneci\u00f3 hasta 1981, en que baj\u00f3 a 14, y de ah\u00ed a 12 en 1984 y 9 en 1991, hasta su definitiva extinci\u00f3n en 1996.<\/p>\n<p>El servicio militar evolucion\u00f3 al comp\u00e1s del r\u00e9gimen. En el franquismo inferior era un castigo de larga duraci\u00f3n que se infling\u00eda a la poblaci\u00f3n, en penosas condiciones de alojamiento, confort y alimentaci\u00f3n. En 1945, ya con la situaci\u00f3n de las quintas normalizada, el Ej\u00e9rcito (de Tierra) ten\u00eda 22.000 oficiales, 3.000 suboficiales y 300.000 soldados. Consum\u00eda la cuarta parte del presupuesto nacional, algo m\u00e1s de 2.500 millones de pesetas, el 99% del cual se iba en pagar los sueldos de los oficiales y la manutenci\u00f3n de la tropa. Calculadora en mano, tocaban a 13,6 soldados por oficial y 100 por cada sargento, un disparate. 43 millones se gastaban en carb\u00f3n para calefacci\u00f3n, lo que no evitaba que los cuarteles fueran neveras en invierno, 9 millones en gasolina para los veh\u00edculos y solo 40 para reparaci\u00f3n de armamento (6).<\/p>\n<p>Como instrumento de poder militar internacional, el Ej\u00e9rcito espa\u00f1ol era completamente in\u00fatil, pero los oficiales se consolaban pensando que su funci\u00f3n de transformaci\u00f3n masiva de ni\u00f1os en hombres, incluso en ciudadanos, segu\u00eda completamente vigente. En realidad era su tarea principal. En un art\u00edculo publicado en 1944 en la revista profesional de Ej\u00e9rcito, el capit\u00e1n m\u00e9dico Manuel Ballesteros Barahona lo explicaba as\u00ed: \u201cLlegaron los reclutas. La materia prima ya est\u00e1 en el laboratorio; ahora hay que transformarla, moldearla, darle forma concreta. Es decir, hacer de una colectividad diversa y multiforme un conjunto homog\u00e9neo\u2026 Se devuelve a la vida civil un hombre completo, hecho, de aquel joven que se recibi\u00f3. &#8230; en Espa\u00f1a, donde la intensidad de la vida moderna no alcanz\u00f3 el auge que en otras naciones, es el Ej\u00e9rcito el mejor medio con que se cuenta para hacer completos ciudadanos\u201d(7).<\/p>\n<p>Hay que tener en cuenta que se pensaba que el servicio militar era el principal y oficial rito de paso de la ni\u00f1ez a la adultez. Tras hacer el servicio, una persona pod\u00eda, por ejemplo, fumar delante de su padre, y otras tareas menos importantes, como casarse o llevar unas tierras. Esta fantas\u00eda de moldear ciudadanos se complementaba con otra, la de forjar endurecidos guerreros: \u201c&#8230; el fin \u00faltimo de la instrucci\u00f3n militar es la preparaci\u00f3n para los conflictos armados, y, por consiguiente, la idea de la guerra debe presidir toda funci\u00f3n instructora\u201d (8). Se consideraba fundamental ense\u00f1ar al soldado \u201cc\u00f3mo limpiar\u00e1 una trinchera sirvi\u00e9ndose del lanzallamas y de la bomba de mano\u201d (9). Todo ello sin meterse en dibujos ni disquisiciones: \u201cDebe ense\u00f1arse a las clases de tropa \u201cexclusivamente lo que deben saber\u201d, deducido de la misi\u00f3n que les incumbe en el combate\u201d (10).<\/p>\n<p>La idea era hacer pasar por la batidora militar a la cantidad m\u00e1xima posible de poblaci\u00f3n juvenil, en las condiciones m\u00e1s estandarizadas posibles, de manera que pudiera ser ahormada por la Instituci\u00f3n. Los militares del franquismo ten\u00edan poco material b\u00e9lico eficaz, pero cientos de miles de quintos que controlar.<br \/>\nLas mujeres ten\u00edan una versi\u00f3n m\u00e1s llevadera de la mili, el servicio social, que se pod\u00eda cumplir haciendo horas en guarder\u00edas, hospitales o bibliotecas durante unos meses, hasta que te daban el certificado. Con el tiempo, el servicio social se fue convirtiendo en un tr\u00e1mite que se solucionaba rellenando unos cuantos impresos, a no ser que fuera necesario el certificado de cumplimiento para alg\u00fan asunto importante, como obtener el pasaporte.<\/p>\n<p>El aumento de la poblaci\u00f3n, la mejora de sus condiciones f\u00edsicas (los reclutas aumentaban de talla regularmente, como se mostraba en los gr\u00e1ficos que publicaban los anuarios estad\u00edsticos del Ej\u00e9rcito), la creciente lejan\u00eda de la guerra civil, la reducci\u00f3n del presupuesto militar y el desarrollismo en general, impuls\u00f3 lo que se puede llamar la edad de oro de la mili espa\u00f1ola. Pero a medida que el franquismo se petrolizaba, motorizaba y modernizaba, la breve edad de oro de la mili toc\u00f3 a su fin, cuando sus aspectos interesantes (como ver mundo, o aprender un oficio) perdieron importancia. En el franquismo final ya era solamente un tremendo engorro que secuestraba a la juventud en los mejores a\u00f1os de su vida.<\/p>\n<p>Hacia 1960 y en adelante casi todo el mundo hac\u00eda el servicio militar, siendo al parecer m\u00e1s reducidos los excedentes de cupo, los pr\u00f3fugos y los in\u00fatiles para el servicio. El ej\u00e9rcito pudo dedicarse a filtrar, forjar, reconstituir y moldear a la pr\u00e1ctica totalidad de la poblaci\u00f3n entre los 18 y los 22 a\u00f1os de edad, de los cuales unos 400.000 nuevos efectivos irrump\u00edan cada a\u00f1o. Tanta afluencia determin\u00f3 la creaci\u00f3n de los reemplazos, por el que los reclutas eran convocados varias veces al a\u00f1o en vez de una sola vez como antes.<\/p>\n<p>Estos pasaban por un proceso m\u00e1s racional, que comenzaba en los Centros de Instrucci\u00f3n de Reclutas. Los CIR, en funcionamiento desde mediados de la d\u00e9cada de 1960, eran enormes instalaciones, una o dos por cada regi\u00f3n militar, donde se produc\u00eda la transformaci\u00f3n de los civiles en militares. El proceso duraba unas pocas semanas y terminaba con una aparatosa ceremonia de juramento colectivo de lealtad a la patria y al ej\u00e9rcito, incluyendo el contacto f\u00edsico con la bandera nacional, que transmit\u00eda as\u00ed su esencia a los nuevos soldados. A continuaci\u00f3n, pasaban a los cuarteles, donde en general estaban mejor alojados y alimentados que sus predecesores del franquismo inferior. Se hicieron algunos esfuerzos incluso de turistizar la vida militar, con instituciones como el Recreo Educativo del Soldado.<\/p>\n<p>El Ej\u00e9rcito intent\u00f3 ense\u00f1arles algo que les fuera \u00fatil en la vida civil. Ense\u00f1ar a leer y escribir a los soldados analfabetos era algo que se hab\u00eda hecho desde lejanos tiempos, y a partir de 1940 solamente hubo que forzar algo m\u00e1s la m\u00e1quina. El porcentaje de reclutas que no sab\u00edan leer y escribir se estimaba entre un 15-20%. En la d\u00e9cada de 1960 la alfabetizaci\u00f3n por v\u00eda militar ya no ten\u00eda mucho recorrido, pero se abrieron posibilidades en la obtenci\u00f3n del certificado de estudios primarios y la formaci\u00f3n profesional, esta \u00faltima con objetivos tan ambiciosos como \u00abreconvertir 600.000 jornaleros del campo en tractoristas\u00bb. Se trataba de la formaci\u00f3n de obreros especializados, aprovechando la estructura del ej\u00e9rcito, organizada por la Gerencia Nacional de Formaci\u00f3n Profesional Obrera, organismo creado en el marco del I Plan de Desarrollo de 1964.<\/p>\n<p>En conjunto, el ej\u00e9rcito pudo tener un impacto global de un 10% aproximadamente en lo que respecta a la alfabetizaci\u00f3n, escolarizaci\u00f3n primaria y formaci\u00f3n profesional del pa\u00eds en conjunto (11). La formaci\u00f3n profesional por v\u00eda militar tuvo una inquietante derivada cuando se tuvo constancia de que los mandos de ETA animaban a sus potenciales reclutas a hacer la mili, e incluso a engancharse en las COE (Compa\u00f1\u00edas de Operaciones Especiales) (8). Por el lado opuesto, surgi\u00f3 un fen\u00f3meno que inquiet\u00f3 sobremanera a los militares del franquismo. En 1971 se present\u00f3 el primer insumiso no religioso, Jos\u00e9 Beunza V\u00e1zquez, origen de un movimiento que, un cuarto de siglo despu\u00e9s, aniquilar\u00eda pr\u00e1cticamente el Servicio Militar Obligatorio (12).<\/p>\n<p>El 23 de febrero de 1981, el ej\u00e9rcito franquista emergi\u00f3 de la fosa donde se supone que descansaba desde 1977 (cuando se cre\u00f3 el Ministerio de Defensa del primer gobierno de la democracia) y avanz\u00f3 dando tumbos por el pa\u00eds, en lo que parec\u00eda un golpe de estado en toda regla. Muchos soldados pasaron esa noche aferrados a su armamento, esperando la orden de salir, que afortunadamente no se dio excepto en algunos puntos concretos. La ma\u00f1ana siguiente todo hab\u00eda terminado. El enorme f\u00f3sil militar del franquismo se disolvi\u00f3 paulatinamente en un ej\u00e9rcito que se supone que volv\u00eda a ser la espada y el escudo de la naci\u00f3n, y ya no su columna vertebral. Poco a poco, los uniformes desaparecieron de las calles y los militares mismos comenzaron a practicar su oficio en lejanos pa\u00edses, en misiones bajo mandato de la ONU o la OTAN.<\/p>\n<p>1- Noticiario Cinematogr\u00e1fico (NO DO), 27 de septiembre de 1943.<\/p>\n<p>2-Stanley G. Payne: El r\u00e9gimen de Franco 1936-1975. Alianza Editorial (1987).<\/p>\n<p>3- Jefe de batall\u00f3n Trejak: El Ej\u00e9rcito espa\u00f1ol al d\u00eda. (Traducci\u00f3n de un art\u00edculo de L&#8217;Arm\u00e9e). Ej\u00e9rcito, n\u00ba 341, junio de 1968.<\/p>\n<p>4- Luis Carandell: Los espa\u00f1oles. Editorial Estela. Barcelona (1971).<\/p>\n<p>5- En ideolog\u00eda del ej\u00e9rcito franquista, p. 274<\/p>\n<p>6- Fernando Puell de la Villa: El devenir del Ej\u00e9rcito de Tierra (1945-1975). En \u00abLos ej\u00e9rcitos del franquismo (1939-1975)\u00bb, IV Congreso de Historia de la Defensa, \u00abFuerzas Armadas y Pol\u00edticas de Defensa durante el franquismo\u00bb, Madrid, 2009. Instituto Universitario General Guti\u00e9rrez Mellado.<\/p>\n<p>7- \u00abEl recluta. Notas para un tratado de \u00abpsicolog\u00eda militar\u00bb Capit\u00e1n m\u00e9dico Manuel Ballesteros Barahona, de la 92 Divisi\u00f3n. Ej\u00e9rcito, n\u00ba 59, diciembre de 1944<\/p>\n<p>8- \u00abLa instrucci\u00f3n en el Ej\u00e9rcito\u00bb Coronel Barrueco, de Infanter\u00eda, del Servicio de Estado Mayor. Ej\u00e9rcito, n\u00ba 13, febrero de 1941<\/p>\n<p>9- La instrucci\u00f3n del soldado, por Pablo Rey Villaverde, Comandante habilitado de Infanter\u00eda de la Academia de Guadalajara. Ej\u00e9rcito, n\u00ba 14, marzo de 1941<\/p>\n<p>10- La instrucci\u00f3n en el Ej\u00e9rcito. Coronel Barrueco, de Infanter\u00eda, del Servicio de Estado Mayor. Ej\u00e9rcito, n\u00ba 15, abril de 1941<\/p>\n<p>11- Gloria Quiroga Valle: Alfabetizaci\u00f3n, formaci\u00f3n profesional y servicio militar: la labor educativa del ej\u00e9rcito espa\u00f1ol (1939-1975). En IV Congreso de Historia de la Defensa, Fuerzas Armadas y pol\u00edtica de defensa durante el franquismo, 2009.<\/p>\n<p>12- Velasco Mart\u00ednez, L. (2017). \u00bfUniformizando la naci\u00f3n?: el servicio militar obligatorio durante el franquismo. Historia y Pol\u00edtica, 38, 57-89. doi: https:\/\/doi.org\/10.18042\/hp.38.03<\/p>\n<!-- AddThis Advanced Settings generic via filter on the_content -->","protected":false},"excerpt":{"rendered":"<p>C\u00f3mo colocarse para el tiro al blanco con fusil de guerra, posici\u00f3n en pie (detalle). Del art\u00edculo \u00abTiro al blanco\u00bb, por el capit\u00e1n de artiller\u00eda &hellip; <!-- AddThis Advanced Settings generic via filter on get_the_excerpt --><\/p>\n","protected":false},"author":1,"featured_media":18680,"comment_status":"open","ping_status":"open","sticky":false,"template":"","format":"standard","meta":{"jetpack_post_was_ever_published":false,"footnotes":"","jetpack_publicize_message":"","jetpack_is_tweetstorm":false,"jetpack_publicize_feature_enabled":true,"jetpack_social_post_already_shared":true,"jetpack_social_options":[]},"categories":[3083,3107],"tags":[],"Asuntos":[],"jetpack_publicize_connections":[],"jetpack_featured_media_url":"https:\/\/aeropinakes.com\/wordpress\/wp-content\/uploads\/2025\/10\/esqueletodisparando-RET-114.jpg","jetpack_sharing_enabled":true,"jetpack_shortlink":"https:\/\/wp.me\/p7HKWx-4Rh","jetpack-related-posts":[{"id":8242,"url":"https:\/\/aeropinakes.com\/wordpress\/1933\/08\/12\/un-alarde-aereo-del-fascismo\/","url_meta":{"origin":18679,"position":0},"title":"Un alarde a\u00e9reo del fascismo","date":"1933","format":false,"excerpt":"\u00a0 Uno de los 25 Savoia Marchetti S.M.55 que participaron en el gran crucero de 1933. \u00a0 Italo Balbo comenz\u00f3 su carrera como jefe del Comisariado de Aeron\u00e1utica, a las \u00f3rdenes directas de Mussolini, que se hab\u00eda reservado el puesto de l\u00edder m\u00e1ximo de la aviaci\u00f3n italiana. Seg\u00fan Balbo, la\u2026","rel":"","context":"En \u00ab1933\u00bb","img":{"alt_text":"","src":"https:\/\/i0.wp.com\/aeropinakes.com\/wordpress\/wp-content\/uploads\/2016\/08\/savoiamarchettism553d1933.jpg?resize=350%2C200&ssl=1","width":350,"height":200},"classes":[]},{"id":12507,"url":"https:\/\/aeropinakes.com\/wordpress\/1939\/01\/19\/francia-una-estatua-junto-a-la-carretera\/","url_meta":{"origin":18679,"position":1},"title":"Francia, una estatua junto a la carretera","date":"1939","format":false,"excerpt":"La escultura \"Francia\", representada por una mujer joven portando un escudo que a su vez ostenta los s\u00edmbolos de la Rep\u00fablica. Obra de Paul Landowski, que hizo varias versiones de la figura, esta se expuso en la exposici\u00f3n universal de Nueva York de 1939. La estatua original formaba parte del\u2026","rel":"","context":"En \u00ab1939\u00bb","img":{"alt_text":"","src":"https:\/\/i0.wp.com\/aeropinakes.com\/wordpress\/wp-content\/uploads\/2018\/01\/francefantomes.jpg?resize=350%2C200&ssl=1","width":350,"height":200},"classes":[]},{"id":693,"url":"https:\/\/aeropinakes.com\/wordpress\/1926\/08\/15\/vigo-la-batalla-de-flores-blanco-y-negro-15-de\/","url_meta":{"origin":18679,"position":2},"title":"Vigo. La batalla de flores","date":"1926","format":false,"excerpt":"Vigo. La batalla de flores Blanco y Negro, 15 de agosto de 1926","rel":"","context":"En \u00ab1926\u00bb","img":{"alt_text":"","src":"https:\/\/i0.wp.com\/aeropinakes.com\/wordpress\/wp-content\/uploads\/2012\/07\/tumblr_m75pqcmcii1rbnd77o1_1280.jpg?resize=350%2C200&ssl=1","width":350,"height":200},"classes":[]},{"id":3189,"url":"https:\/\/aeropinakes.com\/wordpress\/1970\/01\/30\/fairchild-republic-a-10-el-verdadero-avion-canon\/","url_meta":{"origin":18679,"position":3},"title":"Fairchild Republic A-10: el verdadero avi\u00f3n-ca\u00f1\u00f3n","date":"1970","format":false,"excerpt":"En 1861 R.J. Gatling, un notable ingeniero mec\u00e1nico, viv\u00eda en Indianapolis y era testigo del cotidiano ir de soldados y venir de heridos y muertos del matadero de la guerra civil. Concibi\u00f3 entonces la idea de un arma definitiva, algo que permitiese a un solo hombre tener la potencia de\u2026","rel":"","context":"En \u00ab1970\u00bb","img":{"alt_text":"","src":"https:\/\/i0.wp.com\/aeropinakes.com\/wordpress\/wp-content\/uploads\/2015\/01\/fairchildrepublica10frontal.jpg?resize=350%2C200&ssl=1","width":350,"height":200},"classes":[]},{"id":8594,"url":"https:\/\/aeropinakes.com\/wordpress\/1970\/09\/06\/daggers-para-la-fuerza-aerea-turca\/","url_meta":{"origin":18679,"position":4},"title":"Daggers para la fuerza a\u00e9rea turca","date":"1970","format":false,"excerpt":"\u00a0 Un Convair F-102 Delta Dagger de la fuerza a\u00e9rea turca hacia 1970. \u00a0 El F-102 fue parte de la gran cantidad ayuda militar norteamericana que Turqu\u00eda recibi\u00f3 durante la guerra fr\u00eda. Algunos de los Daggers recibidos participaron en la guerra de 1974 contra Grecia. Hasta 1972, los aviones militares\u2026","rel":"","context":"En \u00ab1970\u00bb","img":{"alt_text":"","src":"https:\/\/i0.wp.com\/aeropinakes.com\/wordpress\/wp-content\/uploads\/2016\/09\/convairf1023dturkishairforce1970.jpg?resize=350%2C200&ssl=1","width":350,"height":200},"classes":[]},{"id":7960,"url":"https:\/\/aeropinakes.com\/wordpress\/1948\/07\/02\/la-mision-volante-de-bernadotte\/","url_meta":{"origin":18679,"position":5},"title":"La misi\u00f3n volante de Bernadotte","date":"1948","format":false,"excerpt":"\u00a0 Douglas DC-3 - Naciones Unidas (ex-KLM), 1948. Avi\u00f3n personal del conde Folke Bernadotte y su equipo de negociadores de la ONU. \u00a0 En 1948 comenzaron a aparecer en Oriente Medio los aviones pintados de blanco de la ONU, que a partir de entonces ser\u00edan una presencia continua en esta\u2026","rel":"","context":"En \u00ab1948\u00bb","img":{"alt_text":"","src":"https:\/\/i0.wp.com\/aeropinakes.com\/wordpress\/wp-content\/uploads\/2016\/07\/douglasdc3un1948.jpg?resize=350%2C200&ssl=1","width":350,"height":200},"classes":[]}],"jetpack_likes_enabled":true,"_links":{"self":[{"href":"https:\/\/aeropinakes.com\/wordpress\/wp-json\/wp\/v2\/posts\/18679"}],"collection":[{"href":"https:\/\/aeropinakes.com\/wordpress\/wp-json\/wp\/v2\/posts"}],"about":[{"href":"https:\/\/aeropinakes.com\/wordpress\/wp-json\/wp\/v2\/types\/post"}],"author":[{"embeddable":true,"href":"https:\/\/aeropinakes.com\/wordpress\/wp-json\/wp\/v2\/users\/1"}],"replies":[{"embeddable":true,"href":"https:\/\/aeropinakes.com\/wordpress\/wp-json\/wp\/v2\/comments?post=18679"}],"version-history":[{"count":1,"href":"https:\/\/aeropinakes.com\/wordpress\/wp-json\/wp\/v2\/posts\/18679\/revisions"}],"predecessor-version":[{"id":18681,"href":"https:\/\/aeropinakes.com\/wordpress\/wp-json\/wp\/v2\/posts\/18679\/revisions\/18681"}],"wp:featuredmedia":[{"embeddable":true,"href":"https:\/\/aeropinakes.com\/wordpress\/wp-json\/wp\/v2\/media\/18680"}],"wp:attachment":[{"href":"https:\/\/aeropinakes.com\/wordpress\/wp-json\/wp\/v2\/media?parent=18679"}],"wp:term":[{"taxonomy":"category","embeddable":true,"href":"https:\/\/aeropinakes.com\/wordpress\/wp-json\/wp\/v2\/categories?post=18679"},{"taxonomy":"post_tag","embeddable":true,"href":"https:\/\/aeropinakes.com\/wordpress\/wp-json\/wp\/v2\/tags?post=18679"},{"taxonomy":"asunto","embeddable":true,"href":"https:\/\/aeropinakes.com\/wordpress\/wp-json\/wp\/v2\/Asuntos?post=18679"}],"curies":[{"name":"wp","href":"https:\/\/api.w.org\/{rel}","templated":true}]}}