{"id":12755,"date":"1906-02-19T19:40:06","date_gmt":"1906-02-19T19:40:06","guid":{"rendered":"https:\/\/aeropinakes.com\/wordpress\/?post_type=reader&#038;p=12755"},"modified":"2019-12-06T19:41:24","modified_gmt":"2019-12-06T18:41:24","slug":"los-primos-braquicefalos","status":"publish","type":"post","link":"https:\/\/aeropinakes.com\/wordpress\/1906\/02\/19\/los-primos-braquicefalos\/","title":{"rendered":"Los primos braquic\u00e9falos"},"content":{"rendered":"<h5><a href=\"https:\/\/aeropinakes.com\/wordpress\/wp-content\/uploads\/2018\/02\/trajesdeespnha.jpg\"><img loading=\"lazy\" decoding=\"async\" class=\"alignnone wp-image-12756 size-full\" src=\"https:\/\/aeropinakes.com\/wordpress\/wp-content\/uploads\/2018\/02\/trajesdeespnha.jpg\" alt=\"\" width=\"1374\" height=\"1052\" srcset=\"https:\/\/aeropinakes.com\/wordpress\/wp-content\/uploads\/2018\/02\/trajesdeespnha.jpg 1374w, https:\/\/aeropinakes.com\/wordpress\/wp-content\/uploads\/2018\/02\/trajesdeespnha-300x230.jpg 300w, https:\/\/aeropinakes.com\/wordpress\/wp-content\/uploads\/2018\/02\/trajesdeespnha-1024x784.jpg 1024w\" sizes=\"(max-width: 1374px) 100vw, 1374px\" \/><\/a>Izquierda: Labradora de la provincia de Betanzos. Coleccion de trajes de Espa\u00f1a, tanto antiguos como modernos, por D. Juan de la Cruz Cano y Holmedilla. Tomo primero &#8211; 1777-1784. Derecha: Paysanne des Asturies Gaigni\u00e8res, Roger de (1642-1715) (Collectionneur)\u00a0 <a href=\"http:\/\/gallica.bnf.fr\/\">Gallica<\/a><\/h5>\n<p>&nbsp;<\/p>\n<h3><strong>40. Asturias y Galicia<\/strong><\/h3>\n<p>&nbsp;<\/p>\n<p>Sorprendentemente, hay un cierto mosqueo ancestral entre asturianos y gallegos. Adem\u00e1s del efecto vecindario (que hace por ejemplo que sorianos y burgaleses se miren de reojo) debe haber algo m\u00e1s. Ese algo m\u00e1s arranca del famoso refr\u00e1n \u201cGallegos y asturianos, primos hermanos\u201d, que resulta medianamente ofensivo para ambas antiguas comunidades humanas. Seg\u00fan Bergua (que escribe en 1934), los gallegos ser\u00edan equivalentes a los asturianos pero \u201cm\u00e1s dulces, m\u00e1s amables y m\u00e1s sufridos\u201d. Menudo panorama. Alfonso Moreno Espinosa da m\u00e1s detalles sobre las razas gallega y asturiana en su Manual Escolar de 1919: \u201cLa raza gallega, de origen c\u00e9ltico, es tan robusta como prol\u00edfica\u201d. La gente de Galicia se dedica a trabajar y a reproducirse. Emilia Pardo Baz\u00e1n insiste en el asunto: el gallego medio no rehusa \u201cla fatiga ni el deber del hombre de bien, el acrecentamiento de la especie, llenando el hogar de hijos y tray\u00e9ndoles, empapado en sudor, el pan diario\u201d. Moreno Espinosa sigue su descripci\u00f3n: \u201clos vigorosos hijos del Mi\u00f1o se aplican a los trabajos m\u00e1s rudos y ejercen las m\u00e1s humildes profesiones\u2026 son de car\u00e1cter dulce y de patriarcales costumbres\u201d. Mientras que los asturianos tiene fama de pendencieros: \u201c&#8230; son los antiguos y belicosos astures, de quienes conservan el valor ind\u00f3mito, la probidad de car\u00e1cter, la sencillez de costumbres\u201d. En realidad, seg\u00fan reputados antrop\u00f3logos, era costumbre tanto en Galicia como en Asturias terminar las romer\u00edas con peleas de mozos a estacazos y pedradas, en el l\u00edmite de sus respectivos concellos y parroquias.<br \/>\nJos\u00e9 Terrero habla en su Geograf\u00eda de Espa\u00f1a del \u00fanico territorio \u201cbraquic\u00e9falo de modo patente\u201d, que es el formado por las provincias de Lugo y Oviedo. Esta informaci\u00f3n no tiene mucho inter\u00e9s a comienzos del siglo XXI, pero a comienzos del siglo XX pod\u00eda tener profundas consecuencias. Federico Ol\u00f3riz hab\u00eda medido en 1894 m\u00e1s de 3.000 cabezas de varones adultos de toda Espa\u00f1a. Llevando sus datos a un mapa se pudo ver una raza dolicoc\u00e9fala (es decir, con cr\u00e1neo largo en forma de mel\u00f3n) repartida por el litoral mediterr\u00e1neo y otra completamente distinta braquic\u00e9fala (con cr\u00e1neo corto en forma de sand\u00eda) en el litoral del noroeste, por ejemplo los asturgalaicos. Los cabeza de mel\u00f3n eran los mediterr\u00e1neos bajitos y morenos y los cabeza de sand\u00eda eran los alpinos (Homo alpinus) m\u00e1s altos y rubios. De lo que hab\u00eda en medio no se pod\u00eda decir nada concluyente. En 1906, Constancio Bernaldo de Quir\u00f3s se meti\u00f3 de lleno en los big data disponibles para escribir su Criminolog\u00eda de los delitos de sangre en Espa\u00f1a y demostr\u00f3 que el promedio de delitos cruentos por 100.000 habitantes en las provincias braquic\u00e9falas era de 5,69, y en las dolicoc\u00e9falas de 7,78 \u00a1una diferencia del 27%!. La frontera entre la Espa\u00f1a violenta y morena y la m\u00e1s pac\u00edfica y rubia (es decir, entre Europa y \u00c1frica) era, seg\u00fan Enrico Ferri, un disc\u00edpulo de Lombroso, una l\u00ednea entre Lisboa y Barcelona.<br \/>\nEl clima se un\u00eda a la raza para explicar la diferencia: el ambiente \u201ch\u00famedo y sedante\u201d del norte era poco propicio al crimen, mientras que el clima seco y ardiente del sur lo estimulaba, con gran contento de los fabricantes de navajas de Albacete, cuyas hojas llevaban a veces grabada la leyenda \u201cQue Al\u00e1 me permita matar a mis enemigos\u201d, en \u00e1rabe, seg\u00fan descubri\u00f3 el gran erudito Pascual de Gayangos (lo cuenta Richard Ford, en su Manual para viajeros por Espa\u00f1a y lectores en casa). El dise\u00f1o se hab\u00eda conservado siglo tras siglo mucho despu\u00e9s de que se olvidara su significado.<br \/>\nHay un motivo de fricci\u00f3n entre Oviedo y Santiago de Compostela, de car\u00e1cter religioso. Se resume en esta cuarteta:<\/p>\n<p>Quien fue a Santiago<br \/>\ny no vio el Salvador<br \/>\nvisit\u00f3 al criado<br \/>\ny no vio al se\u00f1or.<\/p>\n<p>Se refiere a la imagen medieval de Jesucristo que se puede ver en la catedral de San Salvador en Oviedo, a cuatro minutos andando de la plaza del Font\u00e1n.<\/p>\n<!-- AddThis Advanced Settings generic via filter on the_content -->","protected":false},"excerpt":{"rendered":"<p>Izquierda: Labradora de la provincia de Betanzos. Coleccion de trajes de Espa\u00f1a, tanto antiguos como modernos, por D. Juan de la Cruz Cano y Holmedilla. &hellip; <!-- AddThis Advanced Settings generic via filter on get_the_excerpt --><\/p>\n","protected":false},"author":1,"featured_media":12756,"comment_status":"open","ping_status":"closed","sticky":false,"template":"","format":"standard","meta":{"jetpack_post_was_ever_published":false,"footnotes":"","jetpack_publicize_message":"","jetpack_is_tweetstorm":false,"jetpack_publicize_feature_enabled":true,"jetpack_social_post_already_shared":true,"jetpack_social_options":[]},"categories":[694,2187,2185],"tags":[],"Asuntos":[2879],"jetpack_publicize_connections":[],"jetpack_featured_media_url":"https:\/\/aeropinakes.com\/wordpress\/wp-content\/uploads\/2018\/02\/trajesdeespnha.jpg","jetpack_sharing_enabled":true,"jetpack_shortlink":"https:\/\/wp.me\/p7HKWx-3jJ","jetpack-related-posts":[{"id":10984,"url":"https:\/\/aeropinakes.com\/wordpress\/2017\/09\/09\/danzas-ancestrales\/","url_meta":{"origin":12755,"position":0},"title":"Danzas ancestrales","date":"2017","format":false,"excerpt":"La pintura de la Roca dels Moros de Cogul. Foto:\u00a0The Cultural Route of the Council of Europe \"Prehistoric Rock Art Trails\" 37. Asturias y Catalu\u00f1a Asturies y Catalunya conectaron en la revoluci\u00f3n de 1934, que tuvo en ellas sus focos m\u00e1s importantes. L\u00f3gicamente fueron bastiones republicanos durante la guerra civil\u2026","rel":"","context":"En \u00ab(a.e.c.) 7000\u00bb","img":{"alt_text":"","src":"https:\/\/i0.wp.com\/aeropinakes.com\/wordpress\/wp-content\/uploads\/2017\/09\/coguldanza.jpg?resize=350%2C200&ssl=1","width":350,"height":200},"classes":[]},{"id":10787,"url":"https:\/\/aeropinakes.com\/wordpress\/1938\/04\/27\/galicia-en-vinaroz\/","url_meta":{"origin":12755,"position":1},"title":"Galicia en Vinaroz","date":"1938","format":false,"excerpt":"A.C.G. : revista mensual ilustrada del Auto-Aero Club de Galicia, afiliado al Autom\u00f3vil Club de Espa\u00f1a \u2013 A\u00f1o IX Num. 100-101 (Septiembre-Octubre 1938)- Galiciana. \u00a0 Galicia: La Suiza espa\u00f1ola Oficina Nacional de Turismo D\u00e1rsena de la Marina A.C.G. : revista mensual ilustrada del Auto-Aero Club de Galicia, afiliado al Autom\u00f3vil\u2026","rel":"","context":"En \u00ab1938\u00bb","img":{"alt_text":"","src":"https:\/\/i0.wp.com\/aeropinakes.com\/wordpress\/wp-content\/uploads\/2017\/07\/elpazodelcaudillo.jpg?resize=350%2C200&ssl=1","width":350,"height":200},"classes":[]},{"id":12751,"url":"https:\/\/aeropinakes.com\/wordpress\/2012\/02\/19\/el-tunel-que-se-convirtio-en-rio\/","url_meta":{"origin":12755,"position":2},"title":"El t\u00fanel que se convirti\u00f3 en r\u00edo","date":"2012","format":false,"excerpt":"Corte transversal del t\u00fanel de Pajares, seg\u00fan la web de ADIF \u00a0 36. Asturias y Castilla y Le\u00f3n Tal vez el mayor fracaso de la ingenier\u00eda de Caminos espa\u00f1ola de todos los tiempos sea el famoso t\u00fanel de Pajares, parte del ferrocarril Le\u00f3n-Gij\u00f3n, y conexi\u00f3n fundamental entre Asturies y Le\u00f3n,\u2026","rel":"","context":"En \u00ab2012\u00bb","img":{"alt_text":"","src":"https:\/\/i0.wp.com\/aeropinakes.com\/wordpress\/wp-content\/uploads\/2018\/02\/tuneldepajares.jpg?resize=350%2C200&ssl=1","width":350,"height":200},"classes":[]},{"id":11606,"url":"https:\/\/aeropinakes.com\/wordpress\/2017\/10\/18\/de-virgenes-e-himnos\/","url_meta":{"origin":12755,"position":3},"title":"De v\u00edrgenes e himnos","date":"2017","format":false,"excerpt":"39. Asturias y Extremadura Ambas celebran su fiesta regional (o nacional) el mismo d\u00eda, el 8 de septiembre. Asturias celebra a la virgen de Covadonga (aunque el decreto oficial no lo dice) y Extremadura a la virgen de Guadalupe, \u201cpor su arraigo popular\u201d. Ambas son super-v\u00edrgenes, coronadas en profusas ceremonias,\u2026","rel":"","context":"En \u00ab1984\u00bb","img":{"alt_text":"","src":"https:\/\/i0.wp.com\/aeropinakes.com\/wordpress\/wp-content\/uploads\/2017\/10\/asturiesextremadura.jpg?resize=350%2C200&ssl=1","width":350,"height":200},"classes":[]},{"id":8235,"url":"https:\/\/aeropinakes.com\/wordpress\/1936\/08\/12\/8235\/","url_meta":{"origin":12755,"position":4},"title":"Vigilante de las costas del Cant\u00e1brico","date":"1936","format":false,"excerpt":"\u00a0 Un Savoia Marchetti SM.62 nacionalista en el oto\u00f1o de 1936. Cristianado \"Gral. Franco\" actu\u00f3 junto con otro bautizado \"Gral. Mola\" en el acoso a las costas asturianas. \u00a0 La Providencia hizo que cinco SM.62 estuvieran en Mar\u00edn (Pontevedra) para participar en unas maniobras navales el 19 de julio de\u2026","rel":"","context":"En \u00ab1936\u00bb","img":{"alt_text":"","src":"https:\/\/i0.wp.com\/aeropinakes.com\/wordpress\/wp-content\/uploads\/1936\/08\/savoiamarchettism62gralfranco1936.jpg?resize=350%2C200&ssl=1","width":350,"height":200},"classes":[]},{"id":14279,"url":"https:\/\/aeropinakes.com\/wordpress\/1881\/09\/08\/rojos-del-norte-y-del-sur\/","url_meta":{"origin":12755,"position":5},"title":"Rojos del norte y del sur","date":"1881","format":false,"excerpt":"2. Andaluc\u00eda y Asturias \u201cAsturiano, loco, vano y mal cristiano\u201d. Este refr\u00e1n ciza\u00f1ero le sirve a Jos\u00e9 Bergua, en su Psicolog\u00eda del pueblo espa\u00f1ol (1934) para concluir que \u201cAsturias constituye una especie de Andaluc\u00eda del norte\u201d. Tambi\u00e9n Baviera es considerada la Andaluc\u00eda alemana, seg\u00fan muchos estudiosos. Desde el punto de\u2026","rel":"","context":"En \u00abAndaluc\u00eda\u00bb","img":{"alt_text":"","src":"https:\/\/i0.wp.com\/aeropinakes.com\/wordpress\/wp-content\/uploads\/2018\/09\/asturies.jpg?resize=350%2C200&ssl=1","width":350,"height":200},"classes":[]}],"jetpack_likes_enabled":true,"_links":{"self":[{"href":"https:\/\/aeropinakes.com\/wordpress\/wp-json\/wp\/v2\/posts\/12755"}],"collection":[{"href":"https:\/\/aeropinakes.com\/wordpress\/wp-json\/wp\/v2\/posts"}],"about":[{"href":"https:\/\/aeropinakes.com\/wordpress\/wp-json\/wp\/v2\/types\/post"}],"author":[{"embeddable":true,"href":"https:\/\/aeropinakes.com\/wordpress\/wp-json\/wp\/v2\/users\/1"}],"replies":[{"embeddable":true,"href":"https:\/\/aeropinakes.com\/wordpress\/wp-json\/wp\/v2\/comments?post=12755"}],"version-history":[{"count":1,"href":"https:\/\/aeropinakes.com\/wordpress\/wp-json\/wp\/v2\/posts\/12755\/revisions"}],"predecessor-version":[{"id":16703,"href":"https:\/\/aeropinakes.com\/wordpress\/wp-json\/wp\/v2\/posts\/12755\/revisions\/16703"}],"wp:featuredmedia":[{"embeddable":true,"href":"https:\/\/aeropinakes.com\/wordpress\/wp-json\/wp\/v2\/media\/12756"}],"wp:attachment":[{"href":"https:\/\/aeropinakes.com\/wordpress\/wp-json\/wp\/v2\/media?parent=12755"}],"wp:term":[{"taxonomy":"category","embeddable":true,"href":"https:\/\/aeropinakes.com\/wordpress\/wp-json\/wp\/v2\/categories?post=12755"},{"taxonomy":"post_tag","embeddable":true,"href":"https:\/\/aeropinakes.com\/wordpress\/wp-json\/wp\/v2\/tags?post=12755"},{"taxonomy":"asunto","embeddable":true,"href":"https:\/\/aeropinakes.com\/wordpress\/wp-json\/wp\/v2\/Asuntos?post=12755"}],"curies":[{"name":"wp","href":"https:\/\/api.w.org\/{rel}","templated":true}]}}