{"id":12190,"date":"1938-06-03T16:46:01","date_gmt":"1938-06-03T14:46:01","guid":{"rendered":"https:\/\/aeropinakes.com\/wordpress\/?post_type=material&#038;p=12190"},"modified":"2019-12-09T19:27:28","modified_gmt":"2019-12-09T18:27:28","slug":"entre-vinaroz-y-el-ebro","status":"publish","type":"post","link":"https:\/\/aeropinakes.com\/wordpress\/1938\/06\/03\/entre-vinaroz-y-el-ebro\/","title":{"rendered":"Con el territorio republicano partido en dos, resistir es vencer"},"content":{"rendered":"<p><a href=\"https:\/\/aeropinakes.com\/wordpress\/wp-content\/uploads\/2017\/12\/resistiresvencer.jpg\"><img loading=\"lazy\" decoding=\"async\" class=\"alignnone wp-image-12183 size-full\" src=\"https:\/\/aeropinakes.com\/wordpress\/wp-content\/uploads\/2017\/12\/resistiresvencer.jpg\" alt=\"\" width=\"1280\" height=\"1758\" srcset=\"https:\/\/aeropinakes.com\/wordpress\/wp-content\/uploads\/2017\/12\/resistiresvencer.jpg 1280w, https:\/\/aeropinakes.com\/wordpress\/wp-content\/uploads\/2017\/12\/resistiresvencer-218x300.jpg 218w, https:\/\/aeropinakes.com\/wordpress\/wp-content\/uploads\/2017\/12\/resistiresvencer-746x1024.jpg 746w\" sizes=\"(max-width: 1280px) 100vw, 1280px\" \/><\/a><\/p>\n<p>Este cartel fue publicado por la revista barcelonesa pocas semanas despu\u00e9s de la llegada al mar del ej\u00e9rcito nacional, que cort\u00f3 en dos el territorio republicano e hizo m\u00e1s relevante que nunca el lema del gobierno de Negr\u00edn: resistir es vencer. El 25 de julio el ej\u00e9rcito republicano cruz\u00f3 el Ebro y comenz\u00f3 la cruenta batalla que lleva el nombre del r\u00edo. Cuando termin\u00f3, acabaron tambi\u00e9n las esperanzas de supervivencia de la Rep\u00fablica, y Catalu\u00f1a cay\u00f3 en febrero de 1939. N\u00f3tese la curiosa versi\u00f3n de la bandera de la segunda Rep\u00fablica espa\u00f1ola con un inserto de la bandera de Catalu\u00f1a.<\/p>\n<p>Mi Revista, 1 de junio de 1938<\/p>\n<p><a href=\"http:\/\/www.bne.es\/es\/Catalogos\/HemerotecaDigital\/\">Biblioteca Nacional de Espa\u00f1a &#8211; Hemeroteca Digital<\/a><\/p>\n<!-- AddThis Advanced Settings generic via filter on the_content -->","protected":false},"excerpt":{"rendered":"<p>Este cartel fue publicado por la revista barcelonesa pocas semanas despu\u00e9s de la llegada al mar del ej\u00e9rcito nacional, que cort\u00f3 en dos el territorio &hellip; <!-- AddThis Advanced Settings generic via filter on get_the_excerpt --><\/p>\n","protected":false},"author":1,"featured_media":12183,"comment_status":"open","ping_status":"open","sticky":false,"template":"","format":"standard","meta":{"jetpack_post_was_ever_published":false,"footnotes":"","jetpack_publicize_message":"","jetpack_is_tweetstorm":false,"jetpack_publicize_feature_enabled":true,"jetpack_social_post_already_shared":true,"jetpack_social_options":[]},"categories":[664,545],"tags":[],"Asuntos":[2803],"jetpack_publicize_connections":[],"jetpack_featured_media_url":"https:\/\/aeropinakes.com\/wordpress\/wp-content\/uploads\/2017\/12\/resistiresvencer.jpg","jetpack_sharing_enabled":true,"jetpack_shortlink":"https:\/\/wp.me\/p7HKWx-3aC","jetpack-related-posts":[{"id":18340,"url":"https:\/\/aeropinakes.com\/wordpress\/1937\/11\/07\/imagenes-del-ejercito-popular-de-la-republica-en-la-prensa-republicana\/","url_meta":{"origin":12190,"position":0},"title":"Im\u00e1genes del Ej\u00e9rcito Popular de la Rep\u00fablica en la prensa republicana","date":"1937","format":false,"excerpt":"La Voz, 29 de octubre de 1936 Mundo Gr\u00e1fico, 13 de enero de 1937 Mundo Gr\u00e1fico, 3 de febrero de 1937 Cr\u00f3nica, 7 de febrero de 1937 Biblioteca Nacional de Espa\u00f1a \u2013 Hemeroteca Digital Cr\u00f3nica en Catalu\u00f1a. La Semana Pro Ej\u00e9rcito Popular Un aspecto del desfile a su paso por\u2026","rel":"","context":"En \u00ab1936\u00bb","img":{"alt_text":"","src":"https:\/\/i0.wp.com\/aeropinakes.com\/wordpress\/wp-content\/uploads\/2021\/11\/1937-02-03-mundografico.jpg?resize=350%2C200&ssl=1","width":350,"height":200},"classes":[]},{"id":10792,"url":"https:\/\/aeropinakes.com\/wordpress\/1937\/12\/27\/el-modo-franquista-de-hacer-la-guerra\/","url_meta":{"origin":12190,"position":1},"title":"El modo franquista de hacer la guerra","date":"1937","format":false,"excerpt":"Aviones nacionales sobre el frente de Teruel - El avance sobre el Alfambra y la cuenca de su r\u00edo, por El marqu\u00e9s de Santa Mar\u00eda del Villar - A.C.G. : revista mensual ilustrada del Auto-Aero Club de Galicia, afiliado al Autom\u00f3vil Club de Espa\u00f1a \u2013 A\u00f1o IX Num. 92-93 (Enero-Febrero\u2026","rel":"","context":"En \u00ab1937\u00bb","img":{"alt_text":"","src":"https:\/\/i0.wp.com\/aeropinakes.com\/wordpress\/wp-content\/uploads\/2017\/07\/avionesnacionalessobreteruel.jpg?resize=350%2C200&ssl=1","width":350,"height":200},"classes":[]},{"id":4401,"url":"https:\/\/aeropinakes.com\/wordpress\/1938\/08\/20\/northrop-delta-un-avion-para-juan-negrin\/","url_meta":{"origin":12190,"position":2},"title":"Northrop Delta: un avi\u00f3n para Juan Negr\u00edn","date":"1938","format":false,"excerpt":"\u00a0 Delta de LAPE, adquirido a una compa\u00f1\u00eda sueca, hacia el final de la guerra. Tras la llegada al Mediterr\u00e1neo de los nacionalistas en la primavera de 1938, el transporte a\u00e9reo se convirti\u00f3 en el medio m\u00e1s seguro para conectar Catalu\u00f1a con la zona central del territorio republicano. \u00a0 Por\u2026","rel":"","context":"En \u00ab1938\u00bb","img":{"alt_text":"","src":"https:\/\/i0.wp.com\/aeropinakes.com\/wordpress\/wp-content\/uploads\/2015\/08\/northropdeltalape1938.jpg?resize=350%2C200&ssl=1","width":350,"height":200},"classes":[]},{"id":10709,"url":"https:\/\/aeropinakes.com\/wordpress\/1936\/11\/22\/la-coevolucion-del-ejercito-popular-y-del-ejercito-nacional\/","url_meta":{"origin":12190,"position":3},"title":"La coevoluci\u00f3n del Ej\u00e9rcito Popular y del Ej\u00e9rcito Nacional","date":"1936","format":false,"excerpt":"\u00a0 La mujer en el Ej\u00e9rcito del Pueblo. Una de las muchachas valencianas militarizadas. Esta presta servicio como ch\u00f3fer, y conduce un coche de Milicias. Cr\u00f3nica, 15 de noviembre de 1936. \u00a0 Entre los conductores de tanques hay muchos obreros cuya profesi\u00f3n anterior a la guerra era la de taxista.\u2026","rel":"","context":"En \u00ab1937\u00bb","img":{"alt_text":"","src":"https:\/\/i0.wp.com\/aeropinakes.com\/wordpress\/wp-content\/uploads\/2017\/07\/lamujerenelejercitodelpueblo.jpg?resize=350%2C200&ssl=1","width":350,"height":200},"classes":[]},{"id":15662,"url":"https:\/\/aeropinakes.com\/wordpress\/1937\/04\/22\/la-republica-hambrienta\/","url_meta":{"origin":12190,"position":4},"title":"La Rep\u00fablica hambrienta","date":"1937","format":false,"excerpt":"El hambre fue otra arma de guerra como los tanques y los aviones, y afect\u00f3 de manera predominante\u00a0 a la Rep\u00fablica. El hambre comenz\u00f3 en Madrid, una ciudad muy grande que vio de pronto cortadas sus rutas de abastecimiento, en el oto\u00f1o de 1936. De ah\u00ed se extendi\u00f3 a toda\u2026","rel":"","context":"En \u00ab1936\u00bb","img":{"alt_text":"","src":"https:\/\/i0.wp.com\/aeropinakes.com\/wordpress\/wp-content\/uploads\/2019\/04\/colas.jpg?resize=350%2C200&ssl=1","width":350,"height":200},"classes":[]},{"id":11101,"url":"https:\/\/aeropinakes.com\/wordpress\/1936\/11\/20\/dos-paises-diferentes-el-ecosistema-republicano-y-el-nacional\/","url_meta":{"origin":12190,"position":5},"title":"Dos pa\u00edses diferentes: el ecosistema republicano y el nacional","date":"1936","format":false,"excerpt":"Los dos estados, republicano y nacional, en un mapa publicado por la revista norteamericana\u00a0Life el 12 de julio de 1937, poco despu\u00e9s de la ca\u00edda de Bilbao. \u00a0 Las m\u00e1s ricas regiones, las que suponen una potencia industrial y las de mayor exuberancia en frutos y productos del campo. Las\u2026","rel":"","context":"En \u00ab1936\u00bb","img":{"alt_text":"","src":"https:\/\/i0.wp.com\/aeropinakes.com\/wordpress\/wp-content\/uploads\/1936\/11\/spanishworthafight.jpg?resize=350%2C200&ssl=1","width":350,"height":200},"classes":[]}],"jetpack_likes_enabled":true,"_links":{"self":[{"href":"https:\/\/aeropinakes.com\/wordpress\/wp-json\/wp\/v2\/posts\/12190"}],"collection":[{"href":"https:\/\/aeropinakes.com\/wordpress\/wp-json\/wp\/v2\/posts"}],"about":[{"href":"https:\/\/aeropinakes.com\/wordpress\/wp-json\/wp\/v2\/types\/post"}],"author":[{"embeddable":true,"href":"https:\/\/aeropinakes.com\/wordpress\/wp-json\/wp\/v2\/users\/1"}],"replies":[{"embeddable":true,"href":"https:\/\/aeropinakes.com\/wordpress\/wp-json\/wp\/v2\/comments?post=12190"}],"version-history":[{"count":1,"href":"https:\/\/aeropinakes.com\/wordpress\/wp-json\/wp\/v2\/posts\/12190\/revisions"}],"predecessor-version":[{"id":17233,"href":"https:\/\/aeropinakes.com\/wordpress\/wp-json\/wp\/v2\/posts\/12190\/revisions\/17233"}],"wp:featuredmedia":[{"embeddable":true,"href":"https:\/\/aeropinakes.com\/wordpress\/wp-json\/wp\/v2\/media\/12183"}],"wp:attachment":[{"href":"https:\/\/aeropinakes.com\/wordpress\/wp-json\/wp\/v2\/media?parent=12190"}],"wp:term":[{"taxonomy":"category","embeddable":true,"href":"https:\/\/aeropinakes.com\/wordpress\/wp-json\/wp\/v2\/categories?post=12190"},{"taxonomy":"post_tag","embeddable":true,"href":"https:\/\/aeropinakes.com\/wordpress\/wp-json\/wp\/v2\/tags?post=12190"},{"taxonomy":"asunto","embeddable":true,"href":"https:\/\/aeropinakes.com\/wordpress\/wp-json\/wp\/v2\/Asuntos?post=12190"}],"curies":[{"name":"wp","href":"https:\/\/api.w.org\/{rel}","templated":true}]}}