{"id":11882,"date":"1942-11-04T15:29:03","date_gmt":"1942-11-04T14:29:03","guid":{"rendered":"http:\/\/aeropinakes.com\/wordpress\/?post_type=material&#038;p=11882"},"modified":"2019-12-09T19:31:48","modified_gmt":"2019-12-09T18:31:48","slug":"el-ahorro-de-primeras-materias-que-las-circunstancias-actuales-imponen","status":"publish","type":"post","link":"https:\/\/aeropinakes.com\/wordpress\/1942\/11\/04\/el-ahorro-de-primeras-materias-que-las-circunstancias-actuales-imponen\/","title":{"rendered":"\u00abEl ahorro de primeras materias que las circunstancias actuales imponen\u00bb"},"content":{"rendered":"<p><a href=\"http:\/\/aeropinakes.com\/wordpress\/wp-content\/uploads\/2017\/11\/mundo-18-oct-1942016.jpg\"><img loading=\"lazy\" decoding=\"async\" class=\"alignnone wp-image-11864 size-full\" src=\"http:\/\/aeropinakes.com\/wordpress\/wp-content\/uploads\/2017\/11\/mundo-18-oct-1942016.jpg\" alt=\"mundo-18-oct-1942016\" width=\"1500\" height=\"2281\" srcset=\"https:\/\/aeropinakes.com\/wordpress\/wp-content\/uploads\/2017\/11\/mundo-18-oct-1942016.jpg 1500w, https:\/\/aeropinakes.com\/wordpress\/wp-content\/uploads\/2017\/11\/mundo-18-oct-1942016-197x300.jpg 197w, https:\/\/aeropinakes.com\/wordpress\/wp-content\/uploads\/2017\/11\/mundo-18-oct-1942016-673x1024.jpg 673w\" sizes=\"(max-width: 1500px) 100vw, 1500px\" \/><\/a><\/p>\n<p>Pirelli anuncia la disponibilidad de neum\u00e1ticos de tipo circunstancial, con un porcentaje m\u00ednimo de caucho virgen.\u00a0El caucho natural, junto con el petr\u00f3leo, fue\u00a0uno de los cuellos de botella m\u00e1s importantes de los ecosistemas industriales\u00a0en la segunda guerra mundial. Las precauciones a tomar para utilizarlos revelen una p\u00e9rdida de calidad realmente dr\u00e1stica.<\/p>\n<p>Mundo, 18 de octubre de 1942<\/p>\n<!-- AddThis Advanced Settings generic via filter on the_content -->","protected":false},"excerpt":{"rendered":"<p>Pirelli anuncia la disponibilidad de neum\u00e1ticos de tipo circunstancial, con un porcentaje m\u00ednimo de caucho virgen.\u00a0El caucho natural, junto con el petr\u00f3leo, fue\u00a0uno de los &hellip; <!-- AddThis Advanced Settings generic via filter on get_the_excerpt --><\/p>\n","protected":false},"author":1,"featured_media":11864,"comment_status":"open","ping_status":"open","sticky":false,"template":"","format":"standard","meta":{"jetpack_post_was_ever_published":false,"footnotes":"","jetpack_publicize_message":"","jetpack_is_tweetstorm":false,"jetpack_publicize_feature_enabled":true,"jetpack_social_post_already_shared":true,"jetpack_social_options":[]},"categories":[792],"tags":[],"Asuntos":[2783,2667,2712],"jetpack_publicize_connections":[],"jetpack_featured_media_url":"https:\/\/aeropinakes.com\/wordpress\/wp-content\/uploads\/2017\/11\/mundo-18-oct-1942016.jpg","jetpack_sharing_enabled":true,"jetpack_shortlink":"https:\/\/wp.me\/p7HKWx-35E","jetpack-related-posts":[{"id":3149,"url":"https:\/\/aeropinakes.com\/wordpress\/1951\/01\/27\/spitfires-sobre-la-emergencia-malaya\/","url_meta":{"origin":11882,"position":0},"title":"Vigilando el pa\u00eds del caucho","date":"1951","format":false,"excerpt":"\u00a0 Un Spitfire de reconocimiento de la RAF sobre Johor, en el pa\u00eds del caucho (Rubber Country), 1952. \u00a0 En las primeras d\u00e9cadas desde que termin\u00f3 la segunda guerra mundial la RAF estuvo implicada en oscuras guerras coloniales en Indonesia, Malasia, Kenya, Yemen (Aden) y Oman, por citar las m\u00e1s\u2026","rel":"","context":"En \u00ab1951\u00bb","img":{"alt_text":"","src":"https:\/\/i0.wp.com\/aeropinakes.com\/wordpress\/wp-content\/uploads\/1951\/01\/supermarinespitfirePRmk19malaya1952.jpg?resize=350%2C200&ssl=1","width":350,"height":200},"classes":[]},{"id":599,"url":"https:\/\/aeropinakes.com\/wordpress\/1942\/11\/16\/revista-de-aeronautica-noviembre-de-1942\/","url_meta":{"origin":11882,"position":1},"title":"Revista de Aeron\u00e1utica, noviembre de 1942","date":"1942","format":false,"excerpt":"Revista de Aeron\u00e1utica, noviembre de 1942 (www.mde.es)","rel":"","context":"En \u00ab1942\u00bb","img":{"alt_text":"","src":"https:\/\/i0.wp.com\/aeropinakes.com\/wordpress\/wp-content\/uploads\/2012\/07\/tumblr_m79md1yf5g1rbnd77o1_1280.jpg?resize=350%2C200&ssl=1","width":350,"height":200},"classes":[]},{"id":602,"url":"https:\/\/aeropinakes.com\/wordpress\/1942\/06\/16\/revista-de-aeronautica-junio-de-1942-www-mde-es\/","url_meta":{"origin":11882,"position":2},"title":"Revista de Aeron\u00e1utica, junio de 1942","date":"1942","format":false,"excerpt":"Revista de Aeron\u00e1utica, junio de 1942 (www.mde.es)","rel":"","context":"En \u00ab1942\u00bb","img":{"alt_text":"","src":"https:\/\/i0.wp.com\/aeropinakes.com\/wordpress\/wp-content\/uploads\/2012\/07\/tumblr_m79mbfp7og1rbnd77o1_1280.jpg?resize=350%2C200&ssl=1","width":350,"height":200},"classes":[]},{"id":605,"url":"https:\/\/aeropinakes.com\/wordpress\/1942\/03\/16\/revista-de-aeronautica-marzo-de-1942-www-mde-es\/","url_meta":{"origin":11882,"position":3},"title":"Revista de Aeron\u00e1utica, marzo de 1942","date":"1942","format":false,"excerpt":"Revista de Aeron\u00e1utica, marzo de 1942 (www.mde.es)","rel":"","context":"En \u00ab1942\u00bb","img":{"alt_text":"","src":"https:\/\/i0.wp.com\/aeropinakes.com\/wordpress\/wp-content\/uploads\/2012\/07\/tumblr_m79m9vofqf1rbnd77o1_1280.jpg?resize=350%2C200&ssl=1","width":350,"height":200},"classes":[]},{"id":10385,"url":"https:\/\/aeropinakes.com\/wordpress\/1942\/06\/14\/nazi-aircraft-ads-focke-wulf-fw-190\/","url_meta":{"origin":11882,"position":4},"title":"Nazi Aircraft Ads: Focke Wulf Fw 190","date":"1942","format":false,"excerpt":"\u00a0 \u00a0 Focke Wulf FW-190 en dos anuncio de 1942, uno de la casa constructora de la c\u00e9lula y otro de la f\u00e1brica de motores BMW de M\u00fanich Hallado en Avia & Rasegna Aeronautica","rel":"","context":"En \u00ab1942\u00bb","img":{"alt_text":"","src":"https:\/\/i0.wp.com\/aeropinakes.com\/wordpress\/wp-content\/uploads\/2017\/06\/1942-sep-22.jpg?resize=350%2C200&ssl=1","width":350,"height":200},"classes":[]},{"id":11858,"url":"https:\/\/aeropinakes.com\/wordpress\/1942\/11\/03\/alemania-en-un-almanaque-de-1942\/","url_meta":{"origin":11882,"position":5},"title":"Alemania en un almanaque de 1942","date":"1942","format":false,"excerpt":"La gran Alemania en\u00a0el mapa publicado en el Calendario Atlante de Agostini\u00a0 de 1942. Muestra la incorporaci\u00f3n de Austria, gran parte de Checoeslovaquia y la mitad de Polonia, pero no de Alsacia y Lorena y otros territorios que formaron parte del III Imperio alem\u00e1n. (clic en la imagen para verla\u2026","rel":"","context":"En \u00ab1942\u00bb","img":{"alt_text":"","src":"https:\/\/i0.wp.com\/aeropinakes.com\/wordpress\/wp-content\/uploads\/2017\/11\/atlantedeagostini005.jpg?resize=350%2C200&ssl=1","width":350,"height":200},"classes":[]}],"jetpack_likes_enabled":true,"_links":{"self":[{"href":"https:\/\/aeropinakes.com\/wordpress\/wp-json\/wp\/v2\/posts\/11882"}],"collection":[{"href":"https:\/\/aeropinakes.com\/wordpress\/wp-json\/wp\/v2\/posts"}],"about":[{"href":"https:\/\/aeropinakes.com\/wordpress\/wp-json\/wp\/v2\/types\/post"}],"author":[{"embeddable":true,"href":"https:\/\/aeropinakes.com\/wordpress\/wp-json\/wp\/v2\/users\/1"}],"replies":[{"embeddable":true,"href":"https:\/\/aeropinakes.com\/wordpress\/wp-json\/wp\/v2\/comments?post=11882"}],"version-history":[{"count":1,"href":"https:\/\/aeropinakes.com\/wordpress\/wp-json\/wp\/v2\/posts\/11882\/revisions"}],"predecessor-version":[{"id":17456,"href":"https:\/\/aeropinakes.com\/wordpress\/wp-json\/wp\/v2\/posts\/11882\/revisions\/17456"}],"wp:featuredmedia":[{"embeddable":true,"href":"https:\/\/aeropinakes.com\/wordpress\/wp-json\/wp\/v2\/media\/11864"}],"wp:attachment":[{"href":"https:\/\/aeropinakes.com\/wordpress\/wp-json\/wp\/v2\/media?parent=11882"}],"wp:term":[{"taxonomy":"category","embeddable":true,"href":"https:\/\/aeropinakes.com\/wordpress\/wp-json\/wp\/v2\/categories?post=11882"},{"taxonomy":"post_tag","embeddable":true,"href":"https:\/\/aeropinakes.com\/wordpress\/wp-json\/wp\/v2\/tags?post=11882"},{"taxonomy":"asunto","embeddable":true,"href":"https:\/\/aeropinakes.com\/wordpress\/wp-json\/wp\/v2\/Asuntos?post=11882"}],"curies":[{"name":"wp","href":"https:\/\/api.w.org\/{rel}","templated":true}]}}