{"id":11858,"date":"1942-11-03T20:01:13","date_gmt":"1942-11-03T19:01:13","guid":{"rendered":"http:\/\/aeropinakes.com\/wordpress\/?post_type=material&#038;p=11858"},"modified":"2019-12-09T19:31:50","modified_gmt":"2019-12-09T18:31:50","slug":"alemania-en-un-almanaque-de-1942","status":"publish","type":"post","link":"https:\/\/aeropinakes.com\/wordpress\/1942\/11\/03\/alemania-en-un-almanaque-de-1942\/","title":{"rendered":"Alemania en un almanaque de 1942"},"content":{"rendered":"<p><a href=\"http:\/\/aeropinakes.com\/wordpress\/wp-content\/uploads\/2017\/11\/atlantedeagostini005.jpg\"><img loading=\"lazy\" decoding=\"async\" class=\"alignnone wp-image-11859 size-full\" src=\"http:\/\/aeropinakes.com\/wordpress\/wp-content\/uploads\/2017\/11\/atlantedeagostini005.jpg\" alt=\"atlantedeagostini005\" width=\"2000\" height=\"2041\" srcset=\"https:\/\/aeropinakes.com\/wordpress\/wp-content\/uploads\/2017\/11\/atlantedeagostini005.jpg 2000w, https:\/\/aeropinakes.com\/wordpress\/wp-content\/uploads\/2017\/11\/atlantedeagostini005-294x300.jpg 294w, https:\/\/aeropinakes.com\/wordpress\/wp-content\/uploads\/2017\/11\/atlantedeagostini005-1003x1024.jpg 1003w, https:\/\/aeropinakes.com\/wordpress\/wp-content\/uploads\/2017\/11\/atlantedeagostini005-50x50.jpg 50w\" sizes=\"(max-width: 2000px) 100vw, 2000px\" \/><\/a>La gran Alemania en\u00a0el mapa publicado en el Calendario Atlante de Agostini\u00a0 de 1942. Muestra la incorporaci\u00f3n de Austria, gran parte de Checoeslovaquia y la mitad de Polonia, pero no de Alsacia y Lorena y otros territorios que formaron parte del III Imperio alem\u00e1n. (clic en la imagen para verla ampliada)<\/p>\n<p>Istituto Geografico de Agostini &#8211; Novara<\/p>\n<!-- AddThis Advanced Settings generic via filter on the_content -->","protected":false},"excerpt":{"rendered":"<p>La gran Alemania en\u00a0el mapa publicado en el Calendario Atlante de Agostini\u00a0 de 1942. Muestra la incorporaci\u00f3n de Austria, gran parte de Checoeslovaquia y la &hellip; <!-- AddThis Advanced Settings generic via filter on get_the_excerpt --><\/p>\n","protected":false},"author":1,"featured_media":11859,"comment_status":"open","ping_status":"open","sticky":false,"template":"","format":"standard","meta":{"jetpack_post_was_ever_published":false,"footnotes":"","jetpack_publicize_message":"","jetpack_is_tweetstorm":false,"jetpack_publicize_feature_enabled":true,"jetpack_social_post_already_shared":true,"jetpack_social_options":[]},"categories":[792,526,604],"tags":[],"Asuntos":[2515],"jetpack_publicize_connections":[],"jetpack_featured_media_url":"https:\/\/aeropinakes.com\/wordpress\/wp-content\/uploads\/2017\/11\/atlantedeagostini005.jpg","jetpack_sharing_enabled":true,"jetpack_shortlink":"https:\/\/wp.me\/p7HKWx-35g","jetpack-related-posts":[{"id":11895,"url":"https:\/\/aeropinakes.com\/wordpress\/1942\/11\/09\/autarquia-una-palabra-que-sonaba-bien\/","url_meta":{"origin":11858,"position":0},"title":"Autarqu\u00eda, una palabra para el Imperio alem\u00e1n","date":"1942","format":false,"excerpt":"La visi\u00f3n econ\u00f3mica de Tercer Reich: la divisi\u00f3n del trabajo en Europa bajo la direcci\u00f3n de Alemania y los ricos recursos del Este formar\u00edan una gran unidad autosuficiente. Las islas brit\u00e1nicas quedan excluidas del esquema, y la extensi\u00f3n del Imperio hacia el este a costa de la Uni\u00f3n Sovi\u00e9tica tampoco\u2026","rel":"","context":"En \u00ab1942\u00bb","img":{"alt_text":"","src":"https:\/\/i0.wp.com\/aeropinakes.com\/wordpress\/wp-content\/uploads\/2017\/11\/mundo-13-sep-1942.jpg?resize=350%2C200&ssl=1","width":350,"height":200},"classes":[]},{"id":11195,"url":"https:\/\/aeropinakes.com\/wordpress\/1942\/07\/28\/la-voz-de-alemania\/","url_meta":{"origin":11858,"position":1},"title":"La voz de Alemania","date":"1942","format":false,"excerpt":"Un \u00e1guila ce\u00f1uda sirve de marco para este cuadro localizador de las emisiones de radio alemanas en espa\u00f1ol, en onda corta y normal, que inclu\u00edan un programa sobre la Divisi\u00f3n Azul. Al parecer, los que ten\u00edan receptor (que no eran muchos) prefer\u00edan escuchar la emisi\u00f3n en castellano de la BBC.\u2026","rel":"","context":"En \u00ab1942\u00bb","img":{"alt_text":"","src":"https:\/\/i0.wp.com\/aeropinakes.com\/wordpress\/wp-content\/uploads\/2017\/09\/1942-07-27-laprensa.jpg?resize=350%2C200&ssl=1","width":350,"height":200},"classes":[]},{"id":10936,"url":"https:\/\/aeropinakes.com\/wordpress\/1942\/08\/19\/la-guerra-de-los-800-000-aviones\/","url_meta":{"origin":11858,"position":2},"title":"La guerra de los 800.000 aviones","date":"1942","format":false,"excerpt":"789.673 aparatos es la cifra total de producci\u00f3n de aviones de cualquier tipo por parte de las principales potencias de la segunda guerra mundial: Estados Unidos, Gran Breta\u00f1a, URSS, Alemania y Jap\u00f3n (1). Sumando la producci\u00f3n de Francia, Italia y otras potencias menores se superar\u00edan holgadamente los 800.000 aparatos. En\u2026","rel":"","context":"En \u00ab1943\u00bb","img":{"alt_text":"","src":"https:\/\/i0.wp.com\/aeropinakes.com\/wordpress\/wp-content\/uploads\/1942\/08\/produccionavionessgm.png?resize=350%2C200&ssl=1","width":350,"height":200},"classes":[]},{"id":8372,"url":"https:\/\/aeropinakes.com\/wordpress\/1937\/08\/16\/el-primer-bombardero-de-berlin\/","url_meta":{"origin":11858,"position":3},"title":"El primero que lleg\u00f3 a Berl\u00edn","date":"1937","format":false,"excerpt":"\u00a0 Un Armstrong Whitworth Whitley de la RAF a finales de la d\u00e9cada de 1930. \u00a0 El Whitley \u2013nombre del suburbio de Coventry donde estaba la factor\u00eda de Armstrong Whitworth, la ciudad que fue destruida por un bombardeo alem\u00e1n el 14 de noviembre de 1940\u2013 fue dise\u00f1ado como bombardero nocturno.\u2026","rel":"","context":"En \u00ab1937\u00bb","img":{"alt_text":"","src":"https:\/\/i0.wp.com\/aeropinakes.com\/wordpress\/wp-content\/uploads\/2016\/08\/armstrogwhitworthwhitleyraf1937.jpg?resize=350%2C200&ssl=1","width":350,"height":200},"classes":[]},{"id":11897,"url":"https:\/\/aeropinakes.com\/wordpress\/1942\/11\/09\/cuando-la-wermacht-se-encontro-con-los-camellos\/","url_meta":{"origin":11858,"position":4},"title":"1942: la Wehrmacht tropieza con camellos en todas partes","date":"1942","format":false,"excerpt":"\u00a0 Una pareja de camellos bactrianos tira de un carro guiado por soldados alemanes en alg\u00fan lugar del Ca\u00facaso, el oto\u00f1o de 1942. La foto muestra tanto la tradicional penuria de veh\u00edculos de motor del ej\u00e9rcito alem\u00e1n, que les hizo emplear cientos de miles de caballos, mulos y otros cuadr\u00fapedos\u2026","rel":"","context":"En \u00ab1942\u00bb","img":{"alt_text":"","src":"https:\/\/i0.wp.com\/aeropinakes.com\/wordpress\/wp-content\/uploads\/2017\/11\/mundo-27-sep-1942015.jpg?resize=350%2C200&ssl=1","width":350,"height":200},"classes":[]},{"id":10388,"url":"https:\/\/aeropinakes.com\/wordpress\/1942\/06\/14\/10388-2\/","url_meta":{"origin":11858,"position":5},"title":"Nazi Aircraft Ads: Messerschmitt Me (Bf) 109","date":"1942","format":false,"excerpt":"Messerschmitt Me (Bf) 109 Hallado en Avia & Rasegna Aeronautica [codepeople-post-map cat=\"-1\"]","rel":"","context":"En \u00ab1942\u00bb","img":{"alt_text":"","src":"https:\/\/i0.wp.com\/aeropinakes.com\/wordpress\/wp-content\/uploads\/2017\/06\/1942-junio-30-2.jpg?resize=350%2C200&ssl=1","width":350,"height":200},"classes":[]}],"jetpack_likes_enabled":true,"_links":{"self":[{"href":"https:\/\/aeropinakes.com\/wordpress\/wp-json\/wp\/v2\/posts\/11858"}],"collection":[{"href":"https:\/\/aeropinakes.com\/wordpress\/wp-json\/wp\/v2\/posts"}],"about":[{"href":"https:\/\/aeropinakes.com\/wordpress\/wp-json\/wp\/v2\/types\/post"}],"author":[{"embeddable":true,"href":"https:\/\/aeropinakes.com\/wordpress\/wp-json\/wp\/v2\/users\/1"}],"replies":[{"embeddable":true,"href":"https:\/\/aeropinakes.com\/wordpress\/wp-json\/wp\/v2\/comments?post=11858"}],"version-history":[{"count":1,"href":"https:\/\/aeropinakes.com\/wordpress\/wp-json\/wp\/v2\/posts\/11858\/revisions"}],"predecessor-version":[{"id":16417,"href":"https:\/\/aeropinakes.com\/wordpress\/wp-json\/wp\/v2\/posts\/11858\/revisions\/16417"}],"wp:featuredmedia":[{"embeddable":true,"href":"https:\/\/aeropinakes.com\/wordpress\/wp-json\/wp\/v2\/media\/11859"}],"wp:attachment":[{"href":"https:\/\/aeropinakes.com\/wordpress\/wp-json\/wp\/v2\/media?parent=11858"}],"wp:term":[{"taxonomy":"category","embeddable":true,"href":"https:\/\/aeropinakes.com\/wordpress\/wp-json\/wp\/v2\/categories?post=11858"},{"taxonomy":"post_tag","embeddable":true,"href":"https:\/\/aeropinakes.com\/wordpress\/wp-json\/wp\/v2\/tags?post=11858"},{"taxonomy":"asunto","embeddable":true,"href":"https:\/\/aeropinakes.com\/wordpress\/wp-json\/wp\/v2\/Asuntos?post=11858"}],"curies":[{"name":"wp","href":"https:\/\/api.w.org\/{rel}","templated":true}]}}