{"id":11804,"date":"1933-11-01T11:24:56","date_gmt":"1933-11-01T11:24:56","guid":{"rendered":"http:\/\/aeropinakes.com\/wordpress\/?post_type=material&#038;p=11804"},"modified":"2019-12-06T17:32:45","modified_gmt":"2019-12-06T16:32:45","slug":"el-episodio-revolucionario-de-casas-viejas","status":"publish","type":"post","link":"https:\/\/aeropinakes.com\/wordpress\/1933\/11\/01\/el-episodio-revolucionario-de-casas-viejas\/","title":{"rendered":"El episodio revolucionario de Casas Viejas"},"content":{"rendered":"<p>&nbsp;<\/p>\n<p><a href=\"http:\/\/aeropinakes.com\/wordpress\/wp-content\/uploads\/2017\/11\/casasviejas1.jpg\"><img loading=\"lazy\" decoding=\"async\" class=\"alignnone wp-image-11809 size-full\" src=\"http:\/\/aeropinakes.com\/wordpress\/wp-content\/uploads\/2017\/11\/casasviejas1.jpg\" alt=\"casasviejas1\" width=\"1200\" height=\"1753\" srcset=\"https:\/\/aeropinakes.com\/wordpress\/wp-content\/uploads\/2017\/11\/casasviejas1.jpg 1200w, https:\/\/aeropinakes.com\/wordpress\/wp-content\/uploads\/2017\/11\/casasviejas1-205x300.jpg 205w, https:\/\/aeropinakes.com\/wordpress\/wp-content\/uploads\/2017\/11\/casasviejas1-701x1024.jpg 701w\" sizes=\"(max-width: 1200px) 100vw, 1200px\" \/><\/a><a href=\"http:\/\/aeropinakes.com\/wordpress\/wp-content\/uploads\/2017\/11\/casasviejas2.jpg\"><img loading=\"lazy\" decoding=\"async\" class=\"alignnone wp-image-11810 size-full\" src=\"http:\/\/aeropinakes.com\/wordpress\/wp-content\/uploads\/2017\/11\/casasviejas2.jpg\" alt=\"casasviejas2\" width=\"1200\" height=\"1683\" srcset=\"https:\/\/aeropinakes.com\/wordpress\/wp-content\/uploads\/2017\/11\/casasviejas2.jpg 1200w, https:\/\/aeropinakes.com\/wordpress\/wp-content\/uploads\/2017\/11\/casasviejas2-214x300.jpg 214w, https:\/\/aeropinakes.com\/wordpress\/wp-content\/uploads\/2017\/11\/casasviejas2-730x1024.jpg 730w\" sizes=\"(max-width: 1200px) 100vw, 1200px\" \/><\/a><a href=\"http:\/\/aeropinakes.com\/wordpress\/wp-content\/uploads\/2017\/11\/casaviejas3.jpg\"><img loading=\"lazy\" decoding=\"async\" class=\"alignnone wp-image-11807 size-full\" src=\"http:\/\/aeropinakes.com\/wordpress\/wp-content\/uploads\/2017\/11\/casaviejas3.jpg\" alt=\"casaviejas3\" width=\"1200\" height=\"1693\" srcset=\"https:\/\/aeropinakes.com\/wordpress\/wp-content\/uploads\/2017\/11\/casaviejas3.jpg 1200w, https:\/\/aeropinakes.com\/wordpress\/wp-content\/uploads\/2017\/11\/casaviejas3-213x300.jpg 213w, https:\/\/aeropinakes.com\/wordpress\/wp-content\/uploads\/2017\/11\/casaviejas3-726x1024.jpg 726w\" sizes=\"(max-width: 1200px) 100vw, 1200px\" \/><\/a><a href=\"http:\/\/aeropinakes.com\/wordpress\/wp-content\/uploads\/2017\/11\/casasviejas4.jpg\"><img loading=\"lazy\" decoding=\"async\" class=\"alignnone wp-image-11808 size-full\" src=\"http:\/\/aeropinakes.com\/wordpress\/wp-content\/uploads\/2017\/11\/casasviejas4.jpg\" alt=\"casasviejas4\" width=\"1200\" height=\"1730\" srcset=\"https:\/\/aeropinakes.com\/wordpress\/wp-content\/uploads\/2017\/11\/casasviejas4.jpg 1200w, https:\/\/aeropinakes.com\/wordpress\/wp-content\/uploads\/2017\/11\/casasviejas4-208x300.jpg 208w, https:\/\/aeropinakes.com\/wordpress\/wp-content\/uploads\/2017\/11\/casasviejas4-710x1024.jpg 710w\" sizes=\"(max-width: 1200px) 100vw, 1200px\" \/><\/a><a href=\"http:\/\/aeropinakes.com\/wordpress\/wp-content\/uploads\/2017\/11\/casaviejas5.jpg\"><img loading=\"lazy\" decoding=\"async\" class=\"alignnone wp-image-11806 size-full\" src=\"http:\/\/aeropinakes.com\/wordpress\/wp-content\/uploads\/2017\/11\/casaviejas5.jpg\" alt=\"casaviejas5\" width=\"1280\" height=\"932\" srcset=\"https:\/\/aeropinakes.com\/wordpress\/wp-content\/uploads\/2017\/11\/casaviejas5.jpg 1280w, https:\/\/aeropinakes.com\/wordpress\/wp-content\/uploads\/2017\/11\/casaviejas5-300x218.jpg 300w, https:\/\/aeropinakes.com\/wordpress\/wp-content\/uploads\/2017\/11\/casaviejas5-1024x746.jpg 1024w\" sizes=\"(max-width: 1280px) 100vw, 1280px\" \/><\/a>Nuevo Mundo, 20 de enero de 1933 Biblioteca Nacional de Espa\u00f1a \u2013 Hemeroteca Digital<\/p>\n<!-- AddThis Advanced Settings generic via filter on the_content -->","protected":false},"excerpt":{"rendered":"<p>&nbsp; Nuevo Mundo, 20 de enero de 1933 Biblioteca Nacional de Espa\u00f1a \u2013 Hemeroteca Digital<!-- AddThis Advanced Settings generic via filter on get_the_excerpt --><\/p>\n","protected":false},"author":1,"featured_media":11806,"comment_status":"open","ping_status":"open","sticky":false,"template":"","format":"standard","meta":{"jetpack_post_was_ever_published":false,"footnotes":"","jetpack_publicize_message":"","jetpack_is_tweetstorm":false,"jetpack_publicize_feature_enabled":true,"jetpack_social_post_already_shared":true,"jetpack_social_options":[]},"categories":[666,3207],"tags":[],"Asuntos":[2556,2500],"jetpack_publicize_connections":[],"jetpack_featured_media_url":"https:\/\/aeropinakes.com\/wordpress\/wp-content\/uploads\/2017\/11\/casaviejas5.jpg","jetpack_sharing_enabled":true,"jetpack_shortlink":"https:\/\/wp.me\/p7HKWx-34o","jetpack-related-posts":[{"id":11800,"url":"https:\/\/aeropinakes.com\/wordpress\/1933\/11\/01\/aldeas-perdidas\/","url_meta":{"origin":11804,"position":0},"title":"Aldeas perdidas","date":"1933","format":false,"excerpt":"Anarcosindicalistas detenidos en Casas Viejas, seg\u00fan un reportaje publicado por Nuevo Mundo el 20 de enerp de 1933. (Clic en la imagen para verlo completo) \u00a0 Casas Viejas es un nombre m\u00e1s para esa nueva geograf\u00eda de los pueblos espa\u00f1oles que antes viv\u00edan una vida silenciosa, desconocida y en penumbra,\u2026","rel":"","context":"En \u00ab1933\u00bb","img":{"alt_text":"","src":"https:\/\/i0.wp.com\/aeropinakes.com\/wordpress\/wp-content\/uploads\/2017\/11\/casasviejas2insert.jpg?resize=350%2C200&ssl=1","width":350,"height":200},"classes":[]},{"id":10987,"url":"https:\/\/aeropinakes.com\/wordpress\/2017\/09\/10\/andalanes-y-cataluces\/","url_meta":{"origin":11804,"position":1},"title":"Andalanes y cataluces","date":"2017","format":false,"excerpt":"Imagen de la portada de la revista Cambio 16, 16-22 de septiembre de 1979. Hallado en todocoleccion.net. 8. Andaluc\u00eda y Catalu\u00f1a Uno de cada siete catalanes es andaluz. Comenzaron los almerienses en la d\u00e9cada de 1920, cuando el cierre de minas y la poca venta de la uva de mesa\u2026","rel":"","context":"En \u00ab1933\u00bb","img":{"alt_text":"","src":"https:\/\/i0.wp.com\/aeropinakes.com\/wordpress\/wp-content\/uploads\/2017\/09\/andalanescataluces.jpg?resize=350%2C200&ssl=1","width":350,"height":200},"classes":[]},{"id":2723,"url":"https:\/\/aeropinakes.com\/wordpress\/1936\/11\/06\/reconocimiento-lejano-de-la-republica\/","url_meta":{"origin":11804,"position":2},"title":"Reconocimiento Lejano de la Rep\u00fablica","date":"1936","format":false,"excerpt":"\u00a0 Un He.70 de la Legi\u00f3n C\u00f3ndor en Espa\u00f1a, a finales de 1936. El avi\u00f3n lleva una variante de los colores corporativos de Lufthansa. \u00a0 El primer He.70 que vol\u00f3 en Espa\u00f1a lo hizo a finales de 1933 por cuenta de Lufthansa. Participaba en la reci\u00e9n inaugurada ruta de correo\u2026","rel":"","context":"En \u00ab1936\u00bb","img":{"alt_text":"","src":"https:\/\/i0.wp.com\/aeropinakes.com\/wordpress\/wp-content\/uploads\/2015\/01\/heinkelhe70spain1936.jpg?resize=350%2C200&ssl=1","width":350,"height":200},"classes":[]},{"id":3844,"url":"https:\/\/aeropinakes.com\/wordpress\/2007\/02\/28\/el-enorme-a380\/","url_meta":{"origin":11804,"position":3},"title":"El gigantesco A380","date":"2007","format":false,"excerpt":"\u00a0 Un A380 de Etihad, la aerol\u00ednea nacional de los Emiratos \u00c1rabes Unidos \u00a0 El avi\u00f3n de pasajeros m\u00e1s grande del mundo se construye en una docena de factor\u00edas repartidas por toda Europa, entre las que se cuentan Illescas (Toledo), Getafe (Madrid) y Puerto Real (C\u00e1diz). La inversi\u00f3n espa\u00f1ola sube\u2026","rel":"","context":"En \u00ab2007\u00bb","img":{"alt_text":"","src":"https:\/\/i0.wp.com\/aeropinakes.com\/wordpress\/wp-content\/uploads\/2007\/02\/airbusa380etihad2014.jpg?resize=350%2C200&ssl=1","width":350,"height":200},"classes":[]},{"id":659,"url":"https:\/\/aeropinakes.com\/wordpress\/1933\/08\/06\/el-mariscal-del-aire-de-italia-italo-balbo-en\/","url_meta":{"origin":11804,"position":4},"title":"El Mariscal del Aire de Italia, Italo Balbo, en Nueva York","date":"1933","format":false,"excerpt":"El Mariscal del Aire de Italia, Italo Balbo, en Nueva York Blanco y Negro, 6 de agosto de 1933 [codepeople-post-map cat=\"-1\"]","rel":"","context":"En \u00ab1933\u00bb","img":{"alt_text":"","src":"https:\/\/i0.wp.com\/aeropinakes.com\/wordpress\/wp-content\/uploads\/2012\/07\/tumblr_m75toeqwyi1rbnd77o1_12801.jpg?resize=350%2C200&ssl=1","width":350,"height":200},"classes":[]},{"id":4870,"url":"https:\/\/aeropinakes.com\/wordpress\/1933\/11\/09\/el-crucero-negro\/","url_meta":{"origin":11804,"position":5},"title":"El Crucero Negro","date":"1933","format":false,"excerpt":"El mapa de la ruta del Crucero Negro, tal como fue publicado por L'Exoress du Midi del 9 de noviembre de 1933 Rosalis, Biblioth\u00e8que num\u00e9rique de Toulouse\u00a0 [codepeople-post-map cat=\"-1\"]","rel":"","context":"En \u00ab1933\u00bb","img":{"alt_text":"","src":"https:\/\/i0.wp.com\/aeropinakes.com\/wordpress\/wp-content\/uploads\/2015\/09\/expressdumidi9nov1933.jpg?resize=350%2C200&ssl=1","width":350,"height":200},"classes":[]}],"jetpack_likes_enabled":true,"_links":{"self":[{"href":"https:\/\/aeropinakes.com\/wordpress\/wp-json\/wp\/v2\/posts\/11804"}],"collection":[{"href":"https:\/\/aeropinakes.com\/wordpress\/wp-json\/wp\/v2\/posts"}],"about":[{"href":"https:\/\/aeropinakes.com\/wordpress\/wp-json\/wp\/v2\/types\/post"}],"author":[{"embeddable":true,"href":"https:\/\/aeropinakes.com\/wordpress\/wp-json\/wp\/v2\/users\/1"}],"replies":[{"embeddable":true,"href":"https:\/\/aeropinakes.com\/wordpress\/wp-json\/wp\/v2\/comments?post=11804"}],"version-history":[{"count":1,"href":"https:\/\/aeropinakes.com\/wordpress\/wp-json\/wp\/v2\/posts\/11804\/revisions"}],"predecessor-version":[{"id":17059,"href":"https:\/\/aeropinakes.com\/wordpress\/wp-json\/wp\/v2\/posts\/11804\/revisions\/17059"}],"wp:featuredmedia":[{"embeddable":true,"href":"https:\/\/aeropinakes.com\/wordpress\/wp-json\/wp\/v2\/media\/11806"}],"wp:attachment":[{"href":"https:\/\/aeropinakes.com\/wordpress\/wp-json\/wp\/v2\/media?parent=11804"}],"wp:term":[{"taxonomy":"category","embeddable":true,"href":"https:\/\/aeropinakes.com\/wordpress\/wp-json\/wp\/v2\/categories?post=11804"},{"taxonomy":"post_tag","embeddable":true,"href":"https:\/\/aeropinakes.com\/wordpress\/wp-json\/wp\/v2\/tags?post=11804"},{"taxonomy":"asunto","embeddable":true,"href":"https:\/\/aeropinakes.com\/wordpress\/wp-json\/wp\/v2\/Asuntos?post=11804"}],"curies":[{"name":"wp","href":"https:\/\/api.w.org\/{rel}","templated":true}]}}