{"id":11341,"date":"1967-09-30T12:40:12","date_gmt":"1967-09-30T11:40:12","guid":{"rendered":"http:\/\/aeropinakes.com\/wordpress\/?post_type=material&#038;p=11341"},"modified":"2019-12-13T19:13:29","modified_gmt":"2019-12-13T18:13:29","slug":"universidad-laboral-de-huesca","status":"publish","type":"post","link":"https:\/\/aeropinakes.com\/wordpress\/1967\/09\/30\/universidad-laboral-de-huesca\/","title":{"rendered":"Universidad Laboral de Huesca"},"content":{"rendered":"<p><a href=\"http:\/\/aeropinakes.com\/wordpress\/wp-content\/uploads\/2017\/09\/universidadlaboraldehuesca.jpg\"><img loading=\"lazy\" decoding=\"async\" class=\"alignnone wp-image-11343 size-full\" src=\"http:\/\/aeropinakes.com\/wordpress\/wp-content\/uploads\/2017\/09\/universidadlaboraldehuesca.jpg\" alt=\"universidadlaboraldehuesca\" width=\"1200\" height=\"814\" srcset=\"https:\/\/aeropinakes.com\/wordpress\/wp-content\/uploads\/2017\/09\/universidadlaboraldehuesca.jpg 1200w, https:\/\/aeropinakes.com\/wordpress\/wp-content\/uploads\/2017\/09\/universidadlaboraldehuesca-300x204.jpg 300w, https:\/\/aeropinakes.com\/wordpress\/wp-content\/uploads\/2017\/09\/universidadlaboraldehuesca-768x521.jpg 768w, https:\/\/aeropinakes.com\/wordpress\/wp-content\/uploads\/2017\/09\/universidadlaboraldehuesca-1024x695.jpg 1024w\" sizes=\"(max-width: 1200px) 100vw, 1200px\" \/><\/a>Con cierto aspecto de espaciopuerto, una vista a\u00e9rea de la Universidad Laboral de Huesca a finales de la d\u00e9cada de 1960.<\/p>\n<p>Espa\u00f1a, 80 a\u00f1os. Separata de \u201cFrancisco Franco, un siglo de Espa\u00f1a, de Ricardo de la Cierva &#8211; Editora Nacional (1973) &#8211; Franco y Huesca<\/p>\n<!-- AddThis Advanced Settings generic via filter on the_content -->","protected":false},"excerpt":{"rendered":"<p>Con cierto aspecto de espaciopuerto, una vista a\u00e9rea de la Universidad Laboral de Huesca a finales de la d\u00e9cada de 1960. Espa\u00f1a, 80 a\u00f1os. Separata &hellip; <!-- AddThis Advanced Settings generic via filter on get_the_excerpt --><\/p>\n","protected":false},"author":1,"featured_media":11343,"comment_status":"open","ping_status":"open","sticky":false,"template":"","format":"standard","meta":{"jetpack_post_was_ever_published":false,"footnotes":"","jetpack_publicize_message":"","jetpack_is_tweetstorm":false,"jetpack_publicize_feature_enabled":true,"jetpack_social_post_already_shared":true,"jetpack_social_options":[]},"categories":[817,3217],"tags":[],"Asuntos":[2680,2690,2689],"jetpack_publicize_connections":[],"jetpack_featured_media_url":"https:\/\/aeropinakes.com\/wordpress\/wp-content\/uploads\/2017\/09\/universidadlaboraldehuesca.jpg","jetpack_sharing_enabled":true,"jetpack_shortlink":"https:\/\/wp.me\/p7HKWx-2WV","jetpack-related-posts":[{"id":12296,"url":"https:\/\/aeropinakes.com\/wordpress\/1940\/12\/29\/huesca-de-la-region-de-aragon\/","url_meta":{"origin":11341,"position":0},"title":"Huesca, de la regi\u00f3n de Arag\u00f3n","date":"1940","format":false,"excerpt":"La revista infantil Flechas y Pelayos public\u00f3 una serie de infograf\u00edas con el mapa esquem\u00e1tico de las provincias, personajes en traje t\u00edpico y algo de informaci\u00f3n sobre sus producciones y partidos judiciales. El r\u00e9gimen franquista aprovecha para colar un poco de ideolog\u00eda, al decir que Huesca fue \"conquistada por los\u2026","rel":"","context":"En \u00ab1940\u00bb","img":{"alt_text":"","src":"https:\/\/i0.wp.com\/aeropinakes.com\/wordpress\/wp-content\/uploads\/2017\/12\/1940-feb-25-flechasypelayos.jpg?resize=350%2C200&ssl=1","width":350,"height":200},"classes":[]},{"id":18655,"url":"https:\/\/aeropinakes.com\/wordpress\/2025\/10\/08\/el-ejercito-de-pinos-y-la-sociedad-de-los-arboles\/","url_meta":{"origin":11341,"position":1},"title":"El ej\u00e9rcito de los pinos y la sociedad de los \u00e1rboles","date":"2025","format":false,"excerpt":"Parte de la portada del folleto \"El acervo forestal\" . Temas espa\u00f1oles, 1955. Todo empez\u00f3 en Soria, en un seguramente fr\u00edo d\u00eda de enero de 1939, cuando dos ingenieros forestales de alto rango echaron el cierre a un documento titulado modestamente Plan para la repoblaci\u00f3n forestal de Espa\u00f1a (1). Cumpl\u00edan\u2026","rel":"","context":"En \u00abBlog\u00bb","img":{"alt_text":"","src":"https:\/\/i0.wp.com\/aeropinakes.com\/wordpress\/wp-content\/uploads\/2025\/10\/acervoforestal.jpg?resize=350%2C200&ssl=1","width":350,"height":200},"classes":[]},{"id":15454,"url":"https:\/\/aeropinakes.com\/wordpress\/2019\/09\/05\/la-arcadia-rural-ese-extrano-pais\/","url_meta":{"origin":11341,"position":2},"title":"La Arcadia rural, ese extra\u00f1o pa\u00eds","date":"2019","format":false,"excerpt":"Giscard: Delineations of the most remarkable costumes of the different provinces of Spain, and also of the military uniforms, bull fights, national dances, etc. of the spaniards. Henry Stokes Ed. (Londres, 1822). Biblioteca Digital Hisp\u00e1nica. (clic en la imagen para ampliar) La Arcadia rural ib\u00e9rica se divide en siete tramos:\u2026","rel":"","context":"En \u00ab2019\u00bb","img":{"alt_text":"","src":"https:\/\/i0.wp.com\/aeropinakes.com\/wordpress\/wp-content\/uploads\/2019\/09\/arcadiarural.jpg?resize=350%2C200&ssl=1","width":350,"height":200},"classes":[]},{"id":11853,"url":"https:\/\/aeropinakes.com\/wordpress\/1936\/07\/03\/azar-y-necesidad-como-se-delimito-el-territorio-de-los-dos-estados\/","url_meta":{"origin":11341,"position":3},"title":"Azar y necesidad: c\u00f3mo se delimit\u00f3 el territorio de los dos Estados","date":"1936","format":false,"excerpt":"Los frentes sucesivos de la guerra delimitan el estado republicano y el nacional. \u00a0 \u2026 Navarra y Palencia por ejemplo, que salieron de la prueba caldaria de las elecciones de febrero de 1936 dando el asombroso ejemplo de no permitir la elecci\u00f3n de un solo diputado del Frente Popular,... El\u2026","rel":"","context":"En \u00ab1936\u00bb","img":{"alt_text":"","src":"https:\/\/i0.wp.com\/aeropinakes.com\/wordpress\/wp-content\/uploads\/2017\/11\/frontline.jpeg?resize=350%2C200&ssl=1","width":350,"height":200},"classes":[]},{"id":123,"url":"https:\/\/aeropinakes.com\/wordpress\/1973\/07\/06\/linea-de-aviones-f-5-construidos-por-la-factoria\/","url_meta":{"origin":11341,"position":4},"title":"F-5 construidos en Sevilla","date":"1973","format":false,"excerpt":"\u00a0 L\u00ednea de aviones F-5 construidos por la factor\u00eda sevillana de la C.A.S.A. Espa\u00f1a, 80 a\u00f1os. Separata de \u201cFrancisco Franco, un siglo de Espa\u00f1a, de Ricardo de la Cierva - Editora Nacional (1973) - Franco y Sevilla","rel":"","context":"En \u00ab1969\u00bb","img":{"alt_text":"","src":"https:\/\/i0.wp.com\/aeropinakes.com\/wordpress\/wp-content\/uploads\/2013\/07\/tumblr_mpiube5jdl1rbnd77o1_12802.jpg?resize=350%2C200&ssl=1","width":350,"height":200},"classes":[]},{"id":11314,"url":"https:\/\/aeropinakes.com\/wordpress\/1941\/09\/30\/monumento-a-los-caidos-en-cabo-mayor\/","url_meta":{"origin":11341,"position":5},"title":"Monumento a los ca\u00eddos en Cabo Mayor","date":"1941","format":false,"excerpt":"Monumento a los ca\u00eddos en Cabo Mayor (Santander) Espa\u00f1a, 80 a\u00f1os. Separata de \u201cFrancisco Franco, un siglo de Espa\u00f1a, de Ricardo de la Cierva - Editora Nacional (1973) - Franco y Santander","rel":"","context":"En \u00ab1941\u00bb","img":{"alt_text":"","src":"https:\/\/i0.wp.com\/aeropinakes.com\/wordpress\/wp-content\/uploads\/2017\/09\/monumentocaidoscabomayor.jpg?resize=350%2C200&ssl=1","width":350,"height":200},"classes":[]}],"jetpack_likes_enabled":true,"_links":{"self":[{"href":"https:\/\/aeropinakes.com\/wordpress\/wp-json\/wp\/v2\/posts\/11341"}],"collection":[{"href":"https:\/\/aeropinakes.com\/wordpress\/wp-json\/wp\/v2\/posts"}],"about":[{"href":"https:\/\/aeropinakes.com\/wordpress\/wp-json\/wp\/v2\/types\/post"}],"author":[{"embeddable":true,"href":"https:\/\/aeropinakes.com\/wordpress\/wp-json\/wp\/v2\/users\/1"}],"replies":[{"embeddable":true,"href":"https:\/\/aeropinakes.com\/wordpress\/wp-json\/wp\/v2\/comments?post=11341"}],"version-history":[{"count":1,"href":"https:\/\/aeropinakes.com\/wordpress\/wp-json\/wp\/v2\/posts\/11341\/revisions"}],"predecessor-version":[{"id":17068,"href":"https:\/\/aeropinakes.com\/wordpress\/wp-json\/wp\/v2\/posts\/11341\/revisions\/17068"}],"wp:featuredmedia":[{"embeddable":true,"href":"https:\/\/aeropinakes.com\/wordpress\/wp-json\/wp\/v2\/media\/11343"}],"wp:attachment":[{"href":"https:\/\/aeropinakes.com\/wordpress\/wp-json\/wp\/v2\/media?parent=11341"}],"wp:term":[{"taxonomy":"category","embeddable":true,"href":"https:\/\/aeropinakes.com\/wordpress\/wp-json\/wp\/v2\/categories?post=11341"},{"taxonomy":"post_tag","embeddable":true,"href":"https:\/\/aeropinakes.com\/wordpress\/wp-json\/wp\/v2\/tags?post=11341"},{"taxonomy":"asunto","embeddable":true,"href":"https:\/\/aeropinakes.com\/wordpress\/wp-json\/wp\/v2\/Asuntos?post=11341"}],"curies":[{"name":"wp","href":"https:\/\/api.w.org\/{rel}","templated":true}]}}