{"id":10854,"date":"1800-08-04T19:09:10","date_gmt":"1800-08-04T19:09:10","guid":{"rendered":"http:\/\/aeropinakes.com\/wordpress\/?post_type=reader&#038;p=10854"},"modified":"2019-12-13T17:42:48","modified_gmt":"2019-12-13T16:42:48","slug":"como-surgio-la-violenta-maquinaria-de-la-nacion-moderna","status":"publish","type":"post","link":"https:\/\/aeropinakes.com\/wordpress\/1800\/08\/04\/como-surgio-la-violenta-maquinaria-de-la-nacion-moderna\/","title":{"rendered":"C\u00f3mo surgi\u00f3 la violenta maquinaria de la naci\u00f3n moderna"},"content":{"rendered":"<p><a href=\"http:\/\/aeropinakes.com\/wordpress\/wp-content\/uploads\/1800\/08\/spain.jpg\"><img loading=\"lazy\" decoding=\"async\" class=\"aligncenter wp-image-10856 size-full\" src=\"http:\/\/aeropinakes.com\/wordpress\/wp-content\/uploads\/1800\/08\/spain.jpg\" alt=\"spain\" width=\"683\" height=\"502\" srcset=\"https:\/\/aeropinakes.com\/wordpress\/wp-content\/uploads\/1800\/08\/spain.jpg 683w, https:\/\/aeropinakes.com\/wordpress\/wp-content\/uploads\/1800\/08\/spain-300x220.jpg 300w\" sizes=\"(max-width: 683px) 100vw, 683px\" \/><\/a><\/p>\n<p>&nbsp;<\/p>\n<p>A mediados del siglo XVIII, la palabra \u201cNaci\u00f3n\u201d, ten\u00eda un significado administrativo y vulgar, \u201cLa colecci\u00f3n de los habitadores en alguna provincia, pa\u00eds o reino\u201d, dice el Diccionario de Autoridades en 1734, que a\u00f1ade que el t\u00e9rmino \u201cnaci\u00f3n\u201d se sol\u00eda usar para definir (significar) a los extranjeros. Tambi\u00e9n se usaba para sustituir a la palabra \u201cnacimiento\u201d en el habla del vulgo (por ejemplo, \u201cciego de naci\u00f3n\u201d), o identificar al conjunto de descendientes de un ancestro. A mediados del siglo XVII se usaba para hablar de las \u201cnaciones indias\u201d con las que hab\u00edan tropezado los primeros colonos ingleses en Norteam\u00e9rica, la naci\u00f3n mandan, la iroquesa, la hurona, etc., en un reflejo de la costumbre romana de hablar de las naciones b\u00e1rbaras del N. de Europa como contrapuestas a los civilizados habitantes del Imperio. La facultad de Artes de Par\u00eds reconoc\u00eda cuatro naciones u or\u00edgenes de sus miembros: Picard\u00eda, Francia, Normand\u00eda y Alemania. Resultaba pr\u00e1ctico subdividir a los alumnos en grupos de tama\u00f1o parecido.<\/p>\n<p>El concepto pol\u00edtico de la naci\u00f3n tambi\u00e9n exist\u00eda. Montesquieu lo define as\u00ed hacia 1750: en los Estados Generales, el parlamento franc\u00e9s, se reune \u201cla nation, c\u2019est-\u00e0-dire les seigneurs et les ev\u00e8ques\u201d (la naci\u00f3n, es decir, la nobleza y el clero). La naci\u00f3n inglesa era la gran colecci\u00f3n de oligarcas y terratenientes reunidos en Westminster, y la alemana la reuni\u00f3n de la nobleza, la iglesia y las ciudades imperiales en la Dieta Imperial (1).<\/p>\n<p>Un siglo despu\u00e9s la precisa definici\u00f3n administrativa hab\u00eda sido sustituida por otra inmaterial, una naci\u00f3n se defin\u00eda vagamente como \u201cun conjunto de personas que viven en comunidad de costumbres\u201d. Paulatinamente, el concepto se hizo cada vez m\u00e1s et\u00e9reo y al mismo tiempo cada vez m\u00e1s letal, a\u00f1adiendo atributos dif\u00edciles o imposibles de comprobar como \u201cmismo origen \u00e9tnico\u201d, \u201ctradici\u00f3n com\u00fan\u201d, etc. Un paso m\u00e1s fue espolvorear sobre el concepto de naci\u00f3n polvos metaf\u00edsicos de voluntad colectiva y aspiraciones populares, \u00a1la naci\u00f3n en marcha, aplast\u00e1ndolo todo a su paso! y ya estuvo casi listo el mayor artefacto violento de la historia, la naci\u00f3n moderna.<\/p>\n<p>En el medio siglo que transcurri\u00f3 entre 1775 y 1825 tuvo lugar el agitado proceso de creaci\u00f3n y consolidaci\u00f3n de las naciones modernas. Esta impresionante revoluci\u00f3n quer\u00eda, parad\u00f3jicamente, restaurar el viejo y buen orden natural de las cosas, comunidades de hombres libres asentados sobre un territorio f\u00e9rtil que decid\u00edan gobernarse en rep\u00fablica de iguales, como en la antigua edad de oro \u201cen que no hab\u00eda un tuyo ni un m\u00edo\u201d como dijo Don Quijote. La naci\u00f3n era compacta, moderna, progresista y democr\u00e1tica, bien lejos de la heterog\u00e9nea y muchas veces disjunta colecci\u00f3n de territorios bajo la apolillada autoridad real, nobiliaria o eclesi\u00e1stica que hab\u00eda caracterizado hasta entonces a los estados y a los imperios.<\/p>\n<p>Claro que eso no era tan aparente al principio. Como se nos ha ense\u00f1ado, la naci\u00f3n tuvo dos hermosos or\u00edgenes, en Estados Unidos y en Francia, a finales del siglo XVIII. La Revoluci\u00f3n hizo que el antiguo concepto de la naci\u00f3n francesa, la aristocracia descendiente de los francos (les seigneurs et les ev\u00e8ques), se extendiera hasta abarcar a todo el populacho, al parecer descendiente de los galos. La revoluci\u00f3n francesa cre\u00f3 la naci\u00f3n francesa, una e indivisible, que cre\u00f3 a su vez por contacto violento la naci\u00f3n alemana, la espa\u00f1ola y unas cuantas m\u00e1s.<\/p>\n<p>Adem\u00e1s de palabras y conceptos, tan poderosos, hab\u00eda una gran fuerza detr\u00e1s de todo este proceso de construcci\u00f3n de naciones. La poblaci\u00f3n europea sencillamente se duplic\u00f3 entre 1750 y 1850, pasando de 130 a 266 millones (1). Nunca se hab\u00eda visto nada igual. El paisaje se hizo cada vez m\u00e1s de grano grueso: aparecieron distritos industriales y mineros y comarcas dedicadas a la agricultura y la ganader\u00eda en campos cada vez m\u00e1s extensos y especializados en alg\u00fan tipo de cultivo o de animal. El ritmo de vida se aceler\u00f3 literalmente: ya no se permit\u00edan los largos per\u00edodos de descanso de la tierra en barbecho, sino que ahora era forzada a producir a base de rotar los cultivos y aplicar fertilizantes. Pero hab\u00eda cada vez m\u00e1s bocas que alimentar y la producci\u00f3n de comida segu\u00eda el ritmo con dificultad, a veces qued\u00e1ndose atr\u00e1s. Aparec\u00edan nuevas variedades humanas, como el obrero industrial sin ninguna propiedad, en la ciudad o en el campo. Y nuevos problemas, como el pauperismo, que se diferenciaba n\u00edtidamente de la antigua miseria campesina en que afectaba a millones de personas que viv\u00edan de un jornal, haciendo un trabajo agotador que les permit\u00eda una subsistencia al l\u00edmite, brutalizados por la miseria y el alcohol. Tambi\u00e9n surg\u00edan extraordinarias posibilidades de progreso, de fabricaci\u00f3n en masa, de comercio y de enriquecimiento. La naci\u00f3n moderna pod\u00eda dar respuesta a todo este c\u00famulo de nuevos problemas y oportunidades mucho mejor que los antiguos reinos e imperios.<\/p>\n<p>La naci\u00f3n ofrec\u00eda control y gobierno de un territorio bien delimitado y una manera de encuadrar a las crecientes y levantiscas masas de poblaci\u00f3n en una lealtad \u00fanica y sencilla. Necesitaba una serie de requisitos que resultaron ser m\u00e1s f\u00e1ciles de poner en marcha de lo que se hubiera cre\u00eddo: una cultura \u00fanica, especialmente una lengua unitaria, nacional, que sustituyera al antiguo batiburrillo de dialectos e idiomas que conviv\u00edan sin soluci\u00f3n de continuidad en toda Europa y el mundo. As\u00ed los franceses tuvieron que aprender franc\u00e9s, proceso que no se complet\u00f3 hasta despu\u00e9s de la primera guerra mundial, y los griegos kazar\u00e9vusa, un griego cl\u00e1sico-moderno inventado. El cuerpo nacional de funcionarios deb\u00eda usar la lengua nacional e implantar la nueva cultura nacional en los tribunales, en las escuelas y hasta en la iglesia. Los m\u00e1s resistentes a esta oleada de nacionalizaci\u00f3n fueron los campesinos que viv\u00edan en comunidades lejanas y cuasi autosuficientes, a los que, por ejemplo, cost\u00f3 mucho reclutar para el ej\u00e9rcito nacional en los primeros tiempos.<\/p>\n<p>Una naci\u00f3n sin ej\u00e9rcito no es nada, la \u201cnaci\u00f3n en armas\u201d es por el contrario ultra-poderosa por definici\u00f3n. Si Francia hab\u00eda inventado el concepto de naci\u00f3n en armas, Espa\u00f1a hab\u00eda creado el de naci\u00f3n desorganizada en armas, la guerrilla, una fuerza tremenda que caus\u00f3 mucha impresi\u00f3n en Alemania en su tiempo, donde se intent\u00f3 imitar sin mucho \u00e9xito. La guerrilla fue el instrumento que usar\u00edan a partir de entonces todas las naciones sin ej\u00e9rcito organizado para sacudirse el yugo de la opresi\u00f3n.<\/p>\n<p>El concepto de naci\u00f3n en armas fue crucial para crear el peligroso concepto de igualdad y calidad entre los nacidos en un pa\u00eds, por el mero hecho de haberlo hecho ah\u00ed y no en otra parte. Esta igualdad era meramente ret\u00f3rica, pero funcionaba. Cualquier franc\u00e9s, o alem\u00e1n, o ingl\u00e9s, fuera cual fuera su cuna, val\u00eda m\u00e1s que cualquiera otro de cualquiera naci\u00f3n de la tierra. Alemania mezcl\u00f3 adem\u00e1s con este concepto el de \u00absangre alemana\u00bb, con las impresionantes consecuencias que se vieron en el siglo siguiente. Es como un aura luminosa o una lengua de fuego que pende sobre la naci\u00f3n d\u00e1ndole su impronta \u00fanica, su calidad diferenciada absolutamente singular ya que cualquier naci\u00f3n, por definici\u00f3n, es superior a todas las dem\u00e1s. La demostraci\u00f3n de este hecho exigi\u00f3 y exige mucho trabajo, m\u00e1s f\u00e1cil cuando la naci\u00f3n de referencia demostraba poder mundial, como el Imperio brit\u00e1nico o el franc\u00e9s, pero demostrable en otras naciones solo en apariencia m\u00e1s d\u00e9biles, pero atesoradoras de alguna cualidad inmarchitable, como ser la cuna de la democracia (Grecia) o la antigua sede el primer imperio mundial (Espa\u00f1a). El popovismo hizo su parte, y as\u00ed todas las naciones pueden exhibir a un inventor del submarino y a un aut\u00e9ntico parlamento m\u00e1s antiguo que el de todas las dem\u00e1s. As\u00ed fue la naci\u00f3n consolid\u00e1ndose y engalan\u00e1ndose.<\/p>\n<p>La creaci\u00f3n de la naci\u00f3n hac\u00eda mucho m\u00e1s sencillo exigir esfuerzos a todo el mundo, como se demostr\u00f3 en las guerras de las d\u00e9cadas de los 1860 y 1870, muy alejadas de las guerras limitadas y a base de mercenarios del siglo XVIII. Pero tambi\u00e9n exig\u00eda contrapartidas, como el sufragio universal. Incluso, en el colmo de la audacia, se pens\u00f3 en dotar de derechos humanos (es decir, en reconocer como seres humanos) tambi\u00e9n a las mujeres, que despu\u00e9s de todo eran el alma y la simiente de la naci\u00f3n.<\/p>\n<p>Durante la guerra Peninsular el duque de Wellington dijo y repiti\u00f3 en ocasiones su opini\u00f3n de que las fuerzas bajo su mando, con las que derrot\u00f3 a las de Napole\u00f3n, eran de muy baja estofa, \u201cthe scum of the earth\u201d frase hoy proverbial en ingl\u00e9s. Posteriores investigaciones mostraron que gran parte de los soldados brit\u00e1nicos eran parados en busca de un jornal, irlandeses muchos de ellos. El Duque coment\u00f3 favorablemente el sistema franc\u00e9s de conscripci\u00f3n, que reun\u00eda una equilibrada representaci\u00f3n de todas las clases en el ej\u00e9rcito. Empero el sistema brit\u00e1nico de reclutar voluntarios y mercenarios no desapareci\u00f3 hasta 1916, cuando se implant\u00f3 el servicio militar obligatorio para enviar m\u00e1s remesas de carne de ca\u00f1\u00f3n a Flandes. Cuando, el 1 de julio de 1916, 20.000 soldados brit\u00e1nicos murieron en tan solo unas horas, fue necesario poner a toda m\u00e1quina el patriotismo, apelar a la naci\u00f3n y conceder a todos los varones mayores de edad el derecho al sufragio electoral, cosa que sucedi\u00f3 el a\u00f1o siguiente. La escoria de la tierra era ahora un h\u00e9roe, un puntal de la naci\u00f3n brit\u00e1nica, si es que tal cosa exist\u00eda.<\/p>\n<p>El nacionalismo brit\u00e1nico fue siempre muy poco expl\u00edcito, cosa que no es de extra\u00f1ar puesto que Gran Breta\u00f1a incluye como m\u00ednimo cuatro naciones (Inglaterra, Gales, Escocia, Ulster y tal vez Cornualles) adem\u00e1s de varias islillas y territorios con estatus jur\u00eddico medieval semiindependiente. Es o m\u00e1s bien era algo relacionado con el orgullo imperial. Los nacionalismos gal\u00e9s y escoc\u00e9s dieron mucho que hablar, pero el nacionalismo ingl\u00e9s parec\u00eda nonato, o al menos muerto y enterrado, cuando gan\u00f3 por sorpresa el refer\u00e9ndum para la salida del Reino Unido de la Uni\u00f3n Europea. \u00bfVolver\u00e1 Inglaterra a ocupar su puesto entre las naciones?<\/p>\n<p>(1) Hagen Schulze: Estado y naci\u00f3n en Europa. Cr\u00edtica, 1997.<\/p>\n<!-- AddThis Advanced Settings generic via filter on the_content -->","protected":false},"excerpt":{"rendered":"<p>&nbsp; A mediados del siglo XVIII, la palabra \u201cNaci\u00f3n\u201d, ten\u00eda un significado administrativo y vulgar, \u201cLa colecci\u00f3n de los habitadores en alguna provincia, pa\u00eds o &hellip; <!-- AddThis Advanced Settings generic via filter on get_the_excerpt --><\/p>\n","protected":false},"author":1,"featured_media":10856,"comment_status":"open","ping_status":"closed","sticky":false,"template":"","format":"standard","meta":{"jetpack_post_was_ever_published":false,"footnotes":"","jetpack_publicize_message":"","jetpack_is_tweetstorm":false,"jetpack_publicize_feature_enabled":true,"jetpack_social_post_already_shared":true,"jetpack_social_options":[]},"categories":[3349,63,93],"tags":[],"Asuntos":[2478],"jetpack_publicize_connections":[],"jetpack_featured_media_url":"https:\/\/aeropinakes.com\/wordpress\/wp-content\/uploads\/1800\/08\/spain.jpg","jetpack_sharing_enabled":true,"jetpack_shortlink":"https:\/\/wp.me\/p7HKWx-2P4","jetpack-related-posts":[{"id":13598,"url":"https:\/\/aeropinakes.com\/wordpress\/1900\/06\/28\/la-forja-del-connacional\/","url_meta":{"origin":10854,"position":0},"title":"La forja del connacional","date":"1900","format":false,"excerpt":"Una tarjeta postal muestra unos ni\u00f1os provistos de dos s\u00edmbolos nacionales importantes, la bandera y el gorro militar. Impresa en Alsacia en 1919. Gaspard: Vive la France! (1919). Tarjeta postal. M. Tournier Editeur (Mulhouse) - Gallica\u00a0 \u00a0 Los ferrocarriles fueron importantes. Gracias a una imaginativa aplicaci\u00f3n de la m\u00e1quina de\u2026","rel":"","context":"En \u00ab1900\u00bb","img":{"alt_text":"","src":"https:\/\/i0.wp.com\/aeropinakes.com\/wordpress\/wp-content\/uploads\/2018\/06\/Vive_la_France.jpg?resize=350%2C200&ssl=1","width":350,"height":200},"classes":[]},{"id":12819,"url":"https:\/\/aeropinakes.com\/wordpress\/1939\/03\/17\/mussolini-domina-los-minerales-y-los-sacerdotes\/","url_meta":{"origin":10854,"position":1},"title":"Mussolini domina los minerales y los sacerdotes","date":"1939","format":false,"excerpt":"Una impresionante \u00e1guila de aluminio esculpida por Romeo Gregori domina la Mostra Autarchica del Minerale Italiano (Exposici\u00f3n de la Autarqu\u00eda de los Minerales Italianos, 1938-1939), destinada a evidenciar la inutilidad de la t\u00edmida pol\u00edtica de sanciones econ\u00f3micas que la Sociedad de Naciones hab\u00eda impuesto a Italia tras la invasi\u00f3n de\u2026","rel":"","context":"En \u00ab1939\u00bb","img":{"alt_text":"","src":"https:\/\/i0.wp.com\/aeropinakes.com\/wordpress\/wp-content\/uploads\/2018\/03\/autarchia.jpg?resize=350%2C200&ssl=1","width":350,"height":200},"classes":[]},{"id":6782,"url":"https:\/\/aeropinakes.com\/wordpress\/1974\/09\/12\/el-jefe-supremo-de-la-nacion-general-de-ejercito-don-augusto-pinochet-ugarte\/","url_meta":{"origin":10854,"position":2},"title":"El jefe supremo de la naci\u00f3n mira fijamente a la c\u00e1mara","date":"1974","format":false,"excerpt":"\u00a0 \u00a0 La revista de la FACH aprovech\u00f3 el primer aniversario del golpe de estado del 11 de septiembre para sacar en su portada al \"Jefe Supremo de la Naci\u00f3n, general de Ej\u00e9rcito Augusto Pinochet Ugarte\". Pinochet posa en su despacho en actitud de estadista, pluma en mano como a\u2026","rel":"","context":"En \u00ab1974\u00bb","img":{"alt_text":"","src":"https:\/\/i0.wp.com\/aeropinakes.com\/wordpress\/wp-content\/uploads\/2015\/10\/Revista-FACH-132-Jul-Sep-1974.jpg?resize=350%2C200&ssl=1","width":350,"height":200},"classes":[]},{"id":14161,"url":"https:\/\/aeropinakes.com\/wordpress\/1939\/08\/18\/los-aviones-protegen-el-paisaje-de-la-nacion\/","url_meta":{"origin":10854,"position":3},"title":"Los aviones protegen el paisaje de la naci\u00f3n","date":"1939","format":false,"excerpt":"Un anuncio de Aviones Fairey publicado en Flight el 26 de octubre de 1939, pocas semanas despu\u00e9s del comienzo de la guerra. El argumento de la ilustraci\u00f3n se parece mucho al de los posters de buc\u00f3licos paisajes ingleses de\u00a0Frank Newbould, que se har\u00edan famosos en los a\u00f1os siguientes, \"Your Britain:\u2026","rel":"","context":"En \u00ab1939\u00bb","img":{"alt_text":"","src":"https:\/\/i0.wp.com\/aeropinakes.com\/wordpress\/wp-content\/uploads\/2018\/08\/1939-oct-26-flight.jpg?resize=350%2C200&ssl=1","width":350,"height":200},"classes":[]},{"id":13576,"url":"https:\/\/aeropinakes.com\/wordpress\/1867\/06\/26\/las-naciones-compiten-en-el-campo-de-marte\/","url_meta":{"origin":10854,"position":4},"title":"Las naciones compiten en el Campo de Marte","date":"1867","format":false,"excerpt":"El Palacio de la Exposici\u00f3n Universal de 1867, un extraordinario edificio con aspecto de espaciopuerto gal\u00e1ctico que representaba la marcha de las naciones en la direcci\u00f3n del\u00a0 progreso humano (Palais de l' Exposition Universelle de 1867,\u00a0Gallica) \u00a0 En 1867 tuvo lugar un acontecimiento importante para la consolidaci\u00f3n de la escalera\u2026","rel":"","context":"En \u00ab1867\u00bb","img":{"alt_text":"","src":"https:\/\/i0.wp.com\/aeropinakes.com\/wordpress\/wp-content\/uploads\/2018\/06\/Exposition_Universelle_de_18672.jpg?resize=350%2C200&ssl=1","width":350,"height":200},"classes":[]},{"id":11618,"url":"https:\/\/aeropinakes.com\/wordpress\/2015\/10\/20\/schleswig-holstein-o-el-nacionalista-que-todos-llevamos-dentro\/","url_meta":{"origin":10854,"position":5},"title":"Schleswig-Holstein, o el nacionalista que todos llevamos dentro","date":"2015","format":false,"excerpt":"Localizaci\u00f3n de la antigua naci\u00f3n de los pelendones. Museo Numantino. \u00a0 104. Catalu\u00f1a y La Rioja La Rioja es la \u00fanica comunidad aut\u00f3noma espa\u00f1ola que no tiene salida al mar ni frontera con un pa\u00eds extranjero. Catalu\u00f1a tiene ambas cosas. Todas las encuestas e informaci\u00f3n disponible muestran que la independencia\u2026","rel":"","context":"En \u00ab2015\u00bb","img":{"alt_text":"","src":"https:\/\/i0.wp.com\/aeropinakes.com\/wordpress\/wp-content\/uploads\/2017\/10\/pelendones.jpg?resize=350%2C200&ssl=1","width":350,"height":200},"classes":[]}],"jetpack_likes_enabled":true,"_links":{"self":[{"href":"https:\/\/aeropinakes.com\/wordpress\/wp-json\/wp\/v2\/posts\/10854"}],"collection":[{"href":"https:\/\/aeropinakes.com\/wordpress\/wp-json\/wp\/v2\/posts"}],"about":[{"href":"https:\/\/aeropinakes.com\/wordpress\/wp-json\/wp\/v2\/types\/post"}],"author":[{"embeddable":true,"href":"https:\/\/aeropinakes.com\/wordpress\/wp-json\/wp\/v2\/users\/1"}],"replies":[{"embeddable":true,"href":"https:\/\/aeropinakes.com\/wordpress\/wp-json\/wp\/v2\/comments?post=10854"}],"version-history":[{"count":1,"href":"https:\/\/aeropinakes.com\/wordpress\/wp-json\/wp\/v2\/posts\/10854\/revisions"}],"predecessor-version":[{"id":16699,"href":"https:\/\/aeropinakes.com\/wordpress\/wp-json\/wp\/v2\/posts\/10854\/revisions\/16699"}],"wp:featuredmedia":[{"embeddable":true,"href":"https:\/\/aeropinakes.com\/wordpress\/wp-json\/wp\/v2\/media\/10856"}],"wp:attachment":[{"href":"https:\/\/aeropinakes.com\/wordpress\/wp-json\/wp\/v2\/media?parent=10854"}],"wp:term":[{"taxonomy":"category","embeddable":true,"href":"https:\/\/aeropinakes.com\/wordpress\/wp-json\/wp\/v2\/categories?post=10854"},{"taxonomy":"post_tag","embeddable":true,"href":"https:\/\/aeropinakes.com\/wordpress\/wp-json\/wp\/v2\/tags?post=10854"},{"taxonomy":"asunto","embeddable":true,"href":"https:\/\/aeropinakes.com\/wordpress\/wp-json\/wp\/v2\/Asuntos?post=10854"}],"curies":[{"name":"wp","href":"https:\/\/api.w.org\/{rel}","templated":true}]}}