{"id":19237,"date":"2022-10-31T18:12:26","date_gmt":"2022-10-31T18:12:26","guid":{"rendered":"http:\/\/aeropinakes.com\/entrada\/wordpress\/?p=19237"},"modified":"2023-02-16T10:46:29","modified_gmt":"2023-02-16T10:46:29","slug":"paises-divididos-si-literalmente","status":"publish","type":"post","link":"http:\/\/aeropinakes.com\/entrada\/wordpress\/2022\/10\/31\/paises-divididos-si-literalmente\/","title":{"rendered":"\u00bfPa\u00edses divididos? S\u00ed, literalmente"},"content":{"rendered":"\n<figure class=\"wp-block-image size-large\"><img decoding=\"async\" loading=\"lazy\" width=\"1024\" height=\"788\" src=\"http:\/\/aeropinakes.com\/entrada\/wordpress\/wp-content\/uploads\/2022\/10\/fachalandrprogreland1000-1024x788.jpg\" alt=\"\" class=\"wp-image-19240\" srcset=\"http:\/\/aeropinakes.com\/entrada\/wordpress\/wp-content\/uploads\/2022\/10\/fachalandrprogreland1000-1024x788.jpg 1024w, http:\/\/aeropinakes.com\/entrada\/wordpress\/wp-content\/uploads\/2022\/10\/fachalandrprogreland1000-300x231.jpg 300w, http:\/\/aeropinakes.com\/entrada\/wordpress\/wp-content\/uploads\/2022\/10\/fachalandrprogreland1000-768x591.jpg 768w, http:\/\/aeropinakes.com\/entrada\/wordpress\/wp-content\/uploads\/2022\/10\/fachalandrprogreland1000-1536x1183.jpg 1536w, http:\/\/aeropinakes.com\/entrada\/wordpress\/wp-content\/uploads\/2022\/10\/fachalandrprogreland1000-2048x1577.jpg 2048w\" sizes=\"(max-width: 1024px) 100vw, 1024px\" \/><\/figure>\n\n\n\n<p>La \u00faltima elecci\u00f3n en Brasil ha salido casi mitad y mitad (49%\/51%) y muestra un pa\u00eds claramente dividido. Lula gan\u00f3 en el Nordeste y Bolsonaro en el Sureste (m\u00e1s o menos). Cuando se trata de eleciones entre solo dos opciones, muchos pa\u00edses muestran una divisi\u00f3n mitad y mitad que se refleja en un mapa tambi\u00e9n partido mitad y mitad. Pol\u00edticamente, eso no suele ser buen augurio. Los perdedores por poco no suelen aceptar bien la derrota y a veces pasan a la acci\u00f3n violenta (como pas\u00f3 en Espa\u00f1a en 1936). <\/p>\n\n\n\n<p>Pero la ciencia pol\u00edtica ha evolucionado mucho desde entonces, y ahora una nueva t\u00e9cnica viene en ayuda de la paz, el progreso y la concordia: dividir geogr\u00e1ficamente el pa\u00eds dividido en las urnas. En el caso de Brasil, la derecha se podr\u00eda quedar con un pa\u00eds enorme con buena salida al mar, compuesto por los estados de R\u00f4ndonia, Matto Grosso, Paran\u00e1, S\u00e2o Paulo, Santa Catarina, etc. Y la izquierda con Par\u00e1, Tocantins, Maranh\u00e2o y de ah\u00ed hasta Pernambuco y Minas Gerais. <\/p>\n\n\n\n<p>Esa t\u00e9cnica se puede aplicar a cualquier pa\u00eds dividido. Por ejemplo, la votaci\u00f3n del Brexit mostr\u00f3 dos territorios separables, que de hecho ya est\u00e1n bastante flojamente unidos: Escocia, Irlanda del Norte, el oeste de Gales y los alrededores de Londres por un lado y el resto de Inglaterra y el este de Gales  por otro. En Catalu\u00f1a el espa\u00f1olismo se carcaje\u00f3 de Tractoria, la Catalu\u00f1a palurda que vot\u00f3 al independentismo, y que abarca aproximadamente Gerona y L\u00e9rida, e invent\u00f3 Tabarnia, m\u00e1s o menos Barcelona y Tarragona, que quiere continuar integrada en \u00a1Espa\u00f1a!<\/p>\n\n\n\n<p>Espa\u00f1a misma en su generalidad est\u00e1 separada en dos pa\u00edses bien distintos. Progrelandia abarca una gran tri\u00e1ngulo con v\u00e9rtices en Girona, Asturies y Alacant. Fachaland todo lo dem\u00e1s. <\/p>\n","protected":false},"excerpt":{"rendered":"<p>La \u00faltima elecci\u00f3n en Brasil ha salido casi mitad y mitad (49%\/51%) y muestra un pa\u00eds claramente dividido. Lula gan\u00f3 en el Nordeste y Bolsonaro &hellip; <\/p>\n","protected":false},"author":1,"featured_media":19240,"comment_status":"open","ping_status":"closed","sticky":false,"template":"","format":"standard","meta":{"_uag_custom_page_level_css":"","advanced_seo_description":"","jetpack_seo_html_title":"","jetpack_seo_noindex":false,"jetpack_publicize_message":"","jetpack_is_tweetstorm":false,"jetpack_publicize_feature_enabled":true,"jetpack_social_post_already_shared":true,"jetpack_social_options":[]},"categories":[1],"tags":[],"espacio":[],"tiempos":[],"asuntos":[],"jetpack_publicize_connections":[],"jetpack_featured_media_url":"http:\/\/aeropinakes.com\/entrada\/wordpress\/wp-content\/uploads\/2022\/10\/fachalandrprogreland1000-scaled.jpg","uagb_featured_image_src":{"full":["http:\/\/aeropinakes.com\/entrada\/wordpress\/wp-content\/uploads\/2022\/10\/fachalandrprogreland1000-scaled.jpg",2560,1971,false],"thumbnail":["http:\/\/aeropinakes.com\/entrada\/wordpress\/wp-content\/uploads\/2022\/10\/fachalandrprogreland1000-150x150.jpg",150,150,true],"medium":["http:\/\/aeropinakes.com\/entrada\/wordpress\/wp-content\/uploads\/2022\/10\/fachalandrprogreland1000-300x231.jpg",300,231,true],"medium_large":["http:\/\/aeropinakes.com\/entrada\/wordpress\/wp-content\/uploads\/2022\/10\/fachalandrprogreland1000-768x591.jpg",768,591,true],"large":["http:\/\/aeropinakes.com\/entrada\/wordpress\/wp-content\/uploads\/2022\/10\/fachalandrprogreland1000-1024x788.jpg",1024,788,true],"1536x1536":["http:\/\/aeropinakes.com\/entrada\/wordpress\/wp-content\/uploads\/2022\/10\/fachalandrprogreland1000-1536x1183.jpg",1536,1183,true],"2048x2048":["http:\/\/aeropinakes.com\/entrada\/wordpress\/wp-content\/uploads\/2022\/10\/fachalandrprogreland1000-2048x1577.jpg",2048,1577,true],"bam-large":["http:\/\/aeropinakes.com\/entrada\/wordpress\/wp-content\/uploads\/2022\/10\/fachalandrprogreland1000-1400x800.jpg",1400,800,true],"bam-featured":["http:\/\/aeropinakes.com\/entrada\/wordpress\/wp-content\/uploads\/2022\/10\/fachalandrprogreland1000-890x530.jpg",890,530,true],"bam-list":["http:\/\/aeropinakes.com\/entrada\/wordpress\/wp-content\/uploads\/2022\/10\/fachalandrprogreland1000-700x465.jpg",700,465,true],"bam-thumb":["http:\/\/aeropinakes.com\/entrada\/wordpress\/wp-content\/uploads\/2022\/10\/fachalandrprogreland1000-445x265.jpg",445,265,true],"bam-small":["http:\/\/aeropinakes.com\/entrada\/wordpress\/wp-content\/uploads\/2022\/10\/fachalandrprogreland1000-120x85.jpg",120,85,true],"rpwe-thumbnail":["http:\/\/aeropinakes.com\/entrada\/wordpress\/wp-content\/uploads\/2022\/10\/fachalandrprogreland1000-45x45.jpg",45,45,true]},"uagb_author_info":{"display_name":"Marciano Lafuente","author_link":"http:\/\/aeropinakes.com\/entrada\/wordpress\/author\/aeropinakes\/"},"uagb_comment_info":12,"uagb_excerpt":"La \u00faltima elecci\u00f3n en Brasil ha salido casi mitad y mitad (49%\/51%) y muestra un pa\u00eds claramente dividido. Lula gan\u00f3 en el Nordeste y Bolsonaro &hellip;","jetpack_sharing_enabled":true,"jetpack_likes_enabled":true,"jetpack-related-posts":[{"id":15588,"url":"http:\/\/aeropinakes.com\/entrada\/wordpress\/2017\/03\/22\/la-nostalgia-de-la-kermes\/","url_meta":{"origin":19237,"position":0},"title":"La nostalgia de la kerm\u00e9s","date":"22 de marzo de 2017","format":false,"excerpt":"Photo by\u00a0Luca Upper\u00a0on\u00a0Unsplash El presidente del Eurogrupo, Jeroen Dijsselbloem, en una entrevista muy seria publicada por el Frankfurter Allgemeine Zeitung el 20 de marzo de 2017, dijo que los pa\u00edses del sur de Europa viven en una permanente org\u00eda de vino y mujeres y todo el mundo se escandaliz\u00f3. La\u2026","rel":"","context":"Entrada similar","img":{"alt_text":"","src":"https:\/\/i0.wp.com\/aeropinakes.com\/entrada\/wordpress\/wp-content\/uploads\/2022\/10\/luca-upper-Z-4kOr93RCI-unsplash.1500.jpg?resize=350%2C200","width":350,"height":200},"classes":[]},{"id":1584,"url":"http:\/\/aeropinakes.com\/entrada\/wordpress\/2022\/10\/05\/un-27-de-probabilidades-de-alcanzar-la-salvacion\/","url_meta":{"origin":19237,"position":1},"title":"Un 27% de probabilidades de alcanzar la salvaci\u00f3n","date":"5 de octubre de 2022","format":false,"excerpt":"El colesterol ha dejado de ser un ingrediente del cuerpo humano para convertirse en una peligrosa enfermedad: \"tengo colesterol\" piensa la mitad de la humanidad con angustia. Otras personas saben que tienen az\u00facar, velocidad en la sangre o la tensi\u00f3n alta. Ha llegado el momento de cuidarse. Cuidarse significa dejar\u2026","rel":"","context":"Entrada similar","img":{"alt_text":"","src":"https:\/\/i0.wp.com\/aeropinakes.com\/entrada\/wordpress\/wp-content\/uploads\/2008\/05\/mascaraconcruz.jpg?resize=350%2C200","width":350,"height":200},"classes":[]},{"id":15765,"url":"http:\/\/aeropinakes.com\/entrada\/wordpress\/2019\/04\/25\/insulta-con-propiedad-el-correcto-uso-de-progre-facha-y-pijo\/","url_meta":{"origin":19237,"position":2},"title":"Insulta con propiedad: el correcto uso de progre, facha y pijo","date":"25 de abril de 2019","format":false,"excerpt":"Photo by\u00a0Patrick Tomasso\u00a0on\u00a0Unsplash Estas tres palabras son el cogollo del insulto pol\u00edtico. Son expresiones que est\u00e1n justo en mitad de los insultos pol\u00edticos t\u00e9cnicos que solo entienden los iniciados (por ejemplo, \"revisionista\") y los insultos a secas (\"cabronazo\"). Las dos primeras proceden del lat\u00edn y las tres est\u00e1n el diccionario\u2026","rel":"","context":"Entrada similar","img":{"alt_text":"","src":"https:\/\/i0.wp.com\/aeropinakes.com\/entrada\/wordpress\/wp-content\/uploads\/2022\/10\/patrick-tomasso-71909-unsplash1200.jpg?resize=350%2C200","width":350,"height":200},"classes":[]},{"id":15464,"url":"http:\/\/aeropinakes.com\/entrada\/wordpress\/2022\/10\/06\/una-alternativa-a-la-renta-basica-universal-en-cinco-fases\/","url_meta":{"origin":19237,"position":3},"title":"Una alternativa a la renta b\u00e1sica universal, en cinco fases","date":"6 de octubre de 2022","format":false,"excerpt":"Lo primero es hacer la lista de los cinco millones de personas prescindibles que no producen valor, que ya est\u00e1 casi hecha, pero que ahora se puede llevar a cabo de manera m\u00e1s expl\u00edcita. Los segundo consiste en marcarlos. Un brazalete puede funcionar, o una escarapela para llevar sobre la\u2026","rel":"","context":"Entrada similar","img":{"alt_text":"","src":"https:\/\/i0.wp.com\/aeropinakes.com\/entrada\/wordpress\/wp-content\/uploads\/2022\/10\/plazadelprogreso.jpg?resize=350%2C200","width":350,"height":200},"classes":[]},{"id":14866,"url":"http:\/\/aeropinakes.com\/entrada\/wordpress\/2018\/12\/06\/la-comarca-es-espana\/","url_meta":{"origin":19237,"position":4},"title":"La Comarca es Espa\u00f1a","date":"6 de diciembre de 2018","format":false,"excerpt":"Hasta ahora sab\u00edamos que Euskadi y probablemente Catalunya eran la Comarca de Tolkien, pero parece que ahora el concepto se ha extendido a toda Espa\u00f1a. Escaparate de una tienda de tejidos en la calle Imperial (Madrid) La Comarca es el famoso invento de Tolkien, ese lugar con casitas de ventanas\u2026","rel":"","context":"Entrada similar","img":{"alt_text":"","src":"https:\/\/i0.wp.com\/aeropinakes.com\/entrada\/wordpress\/wp-content\/uploads\/2018\/12\/spanishflag.jpg?resize=350%2C200","width":350,"height":200},"classes":[]},{"id":15275,"url":"http:\/\/aeropinakes.com\/entrada\/wordpress\/2019\/03\/20\/una-medida-de-los-republicanos-que-gustara-a-todo-el-mundo\/","url_meta":{"origin":19237,"position":5},"title":"Una medida de los republicanos que gustar\u00e1 a todo el mundo","date":"20 de marzo de 2019","format":false,"excerpt":"Photo by\u00a0Alexandra\u00a0on\u00a0Unsplash Los nacionalistas espa\u00f1oles, partidarios de la\u00a0 obligatoriedad del uso del espa\u00f1ol en todo el territorio nacional, est\u00e1n de enhorabuena. La administraci\u00f3n Trump quiere declarar el ingl\u00e9s como lengua oficial y preeminente de la Uni\u00f3n, y derogar una ley de la \u00faltima administraci\u00f3n Clinton que obligaba (o al menos\u2026","rel":"","context":"Entrada similar","img":{"alt_text":"","src":"https:\/\/i0.wp.com\/aeropinakes.com\/wordpress\/wp-content\/uploads\/2019\/03\/alexandra-633017-unsplash.jpg?resize=350%2C200&ssl=1","width":350,"height":200},"classes":[]}],"jetpack_shortlink":"https:\/\/wp.me\/p7KvLD-50h","_links":{"self":[{"href":"http:\/\/aeropinakes.com\/entrada\/wordpress\/wp-json\/wp\/v2\/posts\/19237"}],"collection":[{"href":"http:\/\/aeropinakes.com\/entrada\/wordpress\/wp-json\/wp\/v2\/posts"}],"about":[{"href":"http:\/\/aeropinakes.com\/entrada\/wordpress\/wp-json\/wp\/v2\/types\/post"}],"author":[{"embeddable":true,"href":"http:\/\/aeropinakes.com\/entrada\/wordpress\/wp-json\/wp\/v2\/users\/1"}],"replies":[{"embeddable":true,"href":"http:\/\/aeropinakes.com\/entrada\/wordpress\/wp-json\/wp\/v2\/comments?post=19237"}],"version-history":[{"count":3,"href":"http:\/\/aeropinakes.com\/entrada\/wordpress\/wp-json\/wp\/v2\/posts\/19237\/revisions"}],"predecessor-version":[{"id":19241,"href":"http:\/\/aeropinakes.com\/entrada\/wordpress\/wp-json\/wp\/v2\/posts\/19237\/revisions\/19241"}],"wp:featuredmedia":[{"embeddable":true,"href":"http:\/\/aeropinakes.com\/entrada\/wordpress\/wp-json\/wp\/v2\/media\/19240"}],"wp:attachment":[{"href":"http:\/\/aeropinakes.com\/entrada\/wordpress\/wp-json\/wp\/v2\/media?parent=19237"}],"wp:term":[{"taxonomy":"category","embeddable":true,"href":"http:\/\/aeropinakes.com\/entrada\/wordpress\/wp-json\/wp\/v2\/categories?post=19237"},{"taxonomy":"post_tag","embeddable":true,"href":"http:\/\/aeropinakes.com\/entrada\/wordpress\/wp-json\/wp\/v2\/tags?post=19237"},{"taxonomy":"espacio","embeddable":true,"href":"http:\/\/aeropinakes.com\/entrada\/wordpress\/wp-json\/wp\/v2\/espacio?post=19237"},{"taxonomy":"tiempos","embeddable":true,"href":"http:\/\/aeropinakes.com\/entrada\/wordpress\/wp-json\/wp\/v2\/tiempos?post=19237"},{"taxonomy":"asuntos","embeddable":true,"href":"http:\/\/aeropinakes.com\/entrada\/wordpress\/wp-json\/wp\/v2\/asuntos?post=19237"}],"curies":[{"name":"wp","href":"https:\/\/api.w.org\/{rel}","templated":true}]}}