{"id":1739,"date":"2008-04-18T18:43:00","date_gmt":"2008-04-18T18:43:00","guid":{"rendered":"http:\/\/idoubedabooks.wordpress.com\/2008\/04\/18\/trascendencia-todo-ventajas"},"modified":"2022-10-05T09:42:35","modified_gmt":"2022-10-05T09:42:35","slug":"trascendencia-todo-ventajas","status":"publish","type":"post","link":"http:\/\/aeropinakes.com\/entrada\/wordpress\/2008\/04\/18\/trascendencia-todo-ventajas\/","title":{"rendered":"Las grandes y poco conocidas ventajas de la trascendencia"},"content":{"rendered":"<div class=\"wp-block-image\">\n<figure class=\"aligncenter size-full\"><a href=\"http:\/\/aeropinakes.com\/entrada\/wordpress\/wp-content\/uploads\/2014\/12\/trascendencia-7927782.jpg\"><img decoding=\"async\" loading=\"lazy\" width=\"600\" height=\"450\" src=\"http:\/\/aeropinakes.com\/entrada\/wordpress\/wp-content\/uploads\/2014\/12\/trascendencia-7927782.jpg\" alt=\"\" class=\"wp-image-2167\" srcset=\"http:\/\/aeropinakes.com\/entrada\/wordpress\/wp-content\/uploads\/2014\/12\/trascendencia-7927782.jpg 600w, http:\/\/aeropinakes.com\/entrada\/wordpress\/wp-content\/uploads\/2014\/12\/trascendencia-7927782-300x225.jpg 300w, http:\/\/aeropinakes.com\/entrada\/wordpress\/wp-content\/uploads\/2014\/12\/trascendencia-7927782-80x60.jpg 80w\" sizes=\"(max-width: 600px) 100vw, 600px\" \/><\/a><\/figure><\/div>\n\n\n<p><br>Necesitamos que vuelva la trascendencia, aquello que est\u00e1 m\u00e1s all\u00e1 de los l\u00edmites naturales y desligado de ellos. La utilidad de semejante regreso es evidente.<br>S\u00f3lo hace falta tener en cuenta que la negaci\u00f3n de la trascendencia nos despoja de la vocaci\u00f3n trascendente, la dignidad trascendente y la dimensi\u00f3n trascendente.<br>Sin trascendencia, la dimensi\u00f3n antropol\u00f3gica de nuestra existencia gira en un desolador vac\u00edo.<br>Con trascendencia, nos regalamos a nosotros mismos un torrente de sentido, un contacto \u00edntimo con el ser que es en su existencia \u00fanica y plena.<br>El \u00edndice de trascendencia, adem\u00e1s, est\u00e1 estrechamente relacionado con el \u00edndice de felicidad humana. Las consultas de los psiquiatras est\u00e1n llenas de personas alejadas de la trascendencia. Guerras y cr\u00edmenes bestiales ocurren en cuanto los hombres se apartan de la trascendencia.<br>La maldad y la falta de trascendencia est\u00e1n ligadas por un v\u00ednculo necesario. La trascendencia es la verdadera ecolog\u00eda de las cosas. Donde hay trascendencia, encontramos alegr\u00eda y dulzura.<br>Visto lo visto, la trascendencia se convierte en una opci\u00f3n muy interesante. Adem\u00e1s, no es cierto que los trascendentes paguen m\u00e1s impuestos, sino m\u00e1s bien al contrario.<br>Podr\u00edamos seguir, pero ser\u00eda abundar. Y t\u00fa, \u00bfa qu\u00e9 esperas para acercarte a la trascendencia?<\/p>\n","protected":false},"excerpt":{"rendered":"<p>Necesitamos que vuelva la trascendencia, aquello que est\u00e1 m\u00e1s all\u00e1 de los l\u00edmites naturales y desligado de ellos. La utilidad de semejante regreso es evidente.S\u00f3lo &hellip; <\/p>\n","protected":false},"author":1,"featured_media":2167,"comment_status":"open","ping_status":"open","sticky":false,"template":"","format":"standard","meta":{"_uag_custom_page_level_css":"","advanced_seo_description":"","jetpack_seo_html_title":"","jetpack_seo_noindex":false,"jetpack_publicize_message":"","jetpack_is_tweetstorm":false,"jetpack_publicize_feature_enabled":true,"jetpack_social_post_already_shared":false,"jetpack_social_options":[]},"categories":[1],"tags":[],"espacio":[],"tiempos":[],"asuntos":[],"jetpack_publicize_connections":[],"jetpack_featured_media_url":"http:\/\/aeropinakes.com\/entrada\/wordpress\/wp-content\/uploads\/2014\/12\/trascendencia-7927782.jpg","uagb_featured_image_src":{"full":["http:\/\/aeropinakes.com\/entrada\/wordpress\/wp-content\/uploads\/2014\/12\/trascendencia-7927782.jpg",600,450,false],"thumbnail":["http:\/\/aeropinakes.com\/entrada\/wordpress\/wp-content\/uploads\/2014\/12\/trascendencia-7927782-150x150.jpg",150,150,true],"medium":["http:\/\/aeropinakes.com\/entrada\/wordpress\/wp-content\/uploads\/2014\/12\/trascendencia-7927782-300x225.jpg",300,225,true],"medium_large":["http:\/\/aeropinakes.com\/entrada\/wordpress\/wp-content\/uploads\/2014\/12\/trascendencia-7927782.jpg",600,450,false],"large":["http:\/\/aeropinakes.com\/entrada\/wordpress\/wp-content\/uploads\/2014\/12\/trascendencia-7927782.jpg",600,450,false],"1536x1536":["http:\/\/aeropinakes.com\/entrada\/wordpress\/wp-content\/uploads\/2014\/12\/trascendencia-7927782.jpg",600,450,false],"2048x2048":["http:\/\/aeropinakes.com\/entrada\/wordpress\/wp-content\/uploads\/2014\/12\/trascendencia-7927782.jpg",600,450,false],"bam-large":["http:\/\/aeropinakes.com\/entrada\/wordpress\/wp-content\/uploads\/2014\/12\/trascendencia-7927782.jpg",600,450,false],"bam-featured":["http:\/\/aeropinakes.com\/entrada\/wordpress\/wp-content\/uploads\/2014\/12\/trascendencia-7927782.jpg",600,450,false],"bam-list":["http:\/\/aeropinakes.com\/entrada\/wordpress\/wp-content\/uploads\/2014\/12\/trascendencia-7927782.jpg",600,450,false],"bam-thumb":["http:\/\/aeropinakes.com\/entrada\/wordpress\/wp-content\/uploads\/2014\/12\/trascendencia-7927782.jpg",353,265,false],"bam-small":["http:\/\/aeropinakes.com\/entrada\/wordpress\/wp-content\/uploads\/2014\/12\/trascendencia-7927782.jpg",113,85,false],"rpwe-thumbnail":["http:\/\/aeropinakes.com\/entrada\/wordpress\/wp-content\/uploads\/2014\/12\/trascendencia-7927782.jpg",45,34,false]},"uagb_author_info":{"display_name":"Marciano Lafuente","author_link":"http:\/\/aeropinakes.com\/entrada\/wordpress\/author\/aeropinakes\/"},"uagb_comment_info":1,"uagb_excerpt":"Necesitamos que vuelva la trascendencia, aquello que est\u00e1 m\u00e1s all\u00e1 de los l\u00edmites naturales y desligado de ellos. La utilidad de semejante regreso es evidente.S\u00f3lo &hellip;","jetpack_sharing_enabled":true,"jetpack_likes_enabled":true,"jetpack-related-posts":[{"id":19083,"url":"http:\/\/aeropinakes.com\/entrada\/wordpress\/2022\/10\/05\/naciones-en-su-jugo\/","url_meta":{"origin":1739,"position":0},"title":"Naciones en su jugo","date":"5 de octubre de 2022","format":false,"excerpt":"Vamos a ver, el discurso de la izquierda, sobre todo la escoradilla a babor, sobre la derech\u00edsima o ultraderecha es siempre negativo. La izquierda recita mec\u00e1nicamente la letan\u00eda de acusaciones: la extrema derecha es xen\u00f3foba, mis\u00f3gina, racista, tr\u00e1nsfoba, machista, hom\u00f3foba, belicista, negacionista, etc. Incluso fascista, que es lo que m\u00e1s\u2026","rel":"","context":"Entrada similar","img":{"alt_text":"","src":"https:\/\/i0.wp.com\/aeropinakes.com\/entrada\/wordpress\/wp-content\/uploads\/2015\/05\/motor2.jpg?resize=350%2C200","width":350,"height":200},"classes":[]},{"id":1651,"url":"http:\/\/aeropinakes.com\/entrada\/wordpress\/2022\/02\/18\/tawny-spain\/","url_meta":{"origin":1739,"position":1},"title":"Tawny Spain","date":"18 de febrero de 2022","format":false,"excerpt":"No est\u00e1bamos as\u00ed desde los tiempos de Lord Salisbury. El primer ministro ingl\u00e9s, pocos d\u00edas despu\u00e9s de la derrota de la flota espa\u00f1ola en la bah\u00eda de Manila, pronunci\u00f3 un famoso discurso en el Albert Hall de Londres en el que dividi\u00f3 a las naciones en \u201cpujantes\u201d, ganadoras en la\u2026","rel":"","context":"Entrada similar","img":{"alt_text":"","src":"https:\/\/i0.wp.com\/aeropinakes.com\/entrada\/wordpress\/wp-content\/uploads\/2010\/02\/tawnyspain.jpg?resize=350%2C200","width":350,"height":200},"classes":[]}],"jetpack_shortlink":"https:\/\/wp.me\/p7KvLD-s3","_links":{"self":[{"href":"http:\/\/aeropinakes.com\/entrada\/wordpress\/wp-json\/wp\/v2\/posts\/1739"}],"collection":[{"href":"http:\/\/aeropinakes.com\/entrada\/wordpress\/wp-json\/wp\/v2\/posts"}],"about":[{"href":"http:\/\/aeropinakes.com\/entrada\/wordpress\/wp-json\/wp\/v2\/types\/post"}],"author":[{"embeddable":true,"href":"http:\/\/aeropinakes.com\/entrada\/wordpress\/wp-json\/wp\/v2\/users\/1"}],"replies":[{"embeddable":true,"href":"http:\/\/aeropinakes.com\/entrada\/wordpress\/wp-json\/wp\/v2\/comments?post=1739"}],"version-history":[{"count":4,"href":"http:\/\/aeropinakes.com\/entrada\/wordpress\/wp-json\/wp\/v2\/posts\/1739\/revisions"}],"predecessor-version":[{"id":19067,"href":"http:\/\/aeropinakes.com\/entrada\/wordpress\/wp-json\/wp\/v2\/posts\/1739\/revisions\/19067"}],"wp:featuredmedia":[{"embeddable":true,"href":"http:\/\/aeropinakes.com\/entrada\/wordpress\/wp-json\/wp\/v2\/media\/2167"}],"wp:attachment":[{"href":"http:\/\/aeropinakes.com\/entrada\/wordpress\/wp-json\/wp\/v2\/media?parent=1739"}],"wp:term":[{"taxonomy":"category","embeddable":true,"href":"http:\/\/aeropinakes.com\/entrada\/wordpress\/wp-json\/wp\/v2\/categories?post=1739"},{"taxonomy":"post_tag","embeddable":true,"href":"http:\/\/aeropinakes.com\/entrada\/wordpress\/wp-json\/wp\/v2\/tags?post=1739"},{"taxonomy":"espacio","embeddable":true,"href":"http:\/\/aeropinakes.com\/entrada\/wordpress\/wp-json\/wp\/v2\/espacio?post=1739"},{"taxonomy":"tiempos","embeddable":true,"href":"http:\/\/aeropinakes.com\/entrada\/wordpress\/wp-json\/wp\/v2\/tiempos?post=1739"},{"taxonomy":"asuntos","embeddable":true,"href":"http:\/\/aeropinakes.com\/entrada\/wordpress\/wp-json\/wp\/v2\/asuntos?post=1739"}],"curies":[{"name":"wp","href":"https:\/\/api.w.org\/{rel}","templated":true}]}}