{"id":1731,"date":"2008-06-12T18:38:00","date_gmt":"2008-06-12T18:38:00","guid":{"rendered":"http:\/\/idoubedabooks.wordpress.com\/2008\/06\/12\/oil-forever"},"modified":"2022-10-09T17:21:43","modified_gmt":"2022-10-09T17:21:43","slug":"oil-forever","status":"publish","type":"post","link":"http:\/\/aeropinakes.com\/entrada\/wordpress\/2008\/06\/12\/oil-forever\/","title":{"rendered":"Oil Forever"},"content":{"rendered":"\n<div class=\"wp-block-uagb-image uagb-block-5db16847 wp-block-uagb-image--layout-default wp-block-uagb-image--effect-static wp-block-uagb-image--align-center\"><figure class=\"wp-block-uagb-image__figure\"><a class=\"\" href=\"http:\/\/aeropinakes.com\/entrada\/wordpress\/wp-content\/uploads\/2022\/10\/granvia.jpg\" target=\"\" rel=\"noopener\"><img decoding=\"async\" loading=\"lazy\" srcset=\"http:\/\/aeropinakes.com\/entrada\/wordpress\/wp-content\/uploads\/2022\/10\/granvia.jpg \" src=\"http:\/\/aeropinakes.com\/entrada\/wordpress\/wp-content\/uploads\/2022\/10\/granvia.jpg\" alt=\"\" class=\"uag-image-19197\" width=\"\" height=\"\" title=\"\"\/><\/a><\/figure><\/div>\n\n\n\n<p><\/p>\n\n\n\n<p>Ante las preocupantes noticias llegadas de Europa, los asesores de la OELP [Organizaci\u00f3n de Entidades que se Lucran con el Petr\u00f3leo] (o Ellos, que suena m\u00e1s dram\u00e1tico) convocaron una reuni\u00f3n de urgencia en una amplia sala con paneles de roble en las paredes. El jefe de la oficina de expertos agitaba un papel con una mano gruesa y peluda:<br>&#8211; Aqu\u00ed \u00e9st\u00e1. No se trata de ning\u00fan error. El presidente de la Comisi\u00f3n Europea ha dicho \u201cdebemos reducir el consumo de petr\u00f3leo\u201d, completamente serio y aguantando el tipo. Delante de millares de personas y cientos de micr\u00f3fonos.<br>Un estremecimiento de horror sacudi\u00f3 a los asesores. Dos o tres tazas de caf\u00e9 cayeron al suelo. El representante de Milindusco balbuce\u00f3:<br>&#8211; \u00bfAlguna declaraci\u00f3n m\u00e1s al respecto? \u00bfQu\u00e9 dice Berlus? \u00bfY Sarko?<br>&#8211; Se est\u00e1n portando bien, por ahora. Sarko sacar\u00eda a la polic\u00eda a las calles para asegurar el suministro, y Berlus dice que el petr\u00f3leo es un puntal de la italianidad. Es buena publicidad para el producto.<br>El hombre de Conchaco dej\u00f3 oir su voz desde el rinc\u00f3n m\u00e1s oscuro de la sala.<br>&#8211; Me preocupa la pobre Angela. Como sab\u00e9is, meti\u00f3 la pata al asociarse con esos sociatas medio verdes.<br>Al o\u00edr la palabra nefanda, varios delegados tocaron madera, se hicieron cruces o agarraron con fuerza sus amuletos, seg\u00fan su respectiva idiosincrasia cultural. El delegado de Fatalco tom\u00f3 la palabra.<br>&#8211; Caballeros, no es el momento de dejarnos llevar por el p\u00e1nico. Necesitamos perspectiva. Veamos que dice el hombre de los n\u00fameros.<br>El responsable de Estad\u00edsticas de Venta de Crudo entr\u00f3 en la sala con paso firme. Era un hombre elegantemente vestido, muy bronceado tras unas largas vacaciones de verano en una islilla del Pac\u00edfico. Se sent\u00f3 y aguard\u00f3 las preguntas.<br>&#8211; X&#8230;, \u00bfhay algo de lo que debamos preocuparnos? \u00bfPueden llevar a cabo su amenaza de -escupi\u00f3 las palabras como si fueran hiel- reducir el consumo?<br>X&#8230; puso la misma cara que pone alguien antes de responder a una pregunta que ya le han hecho millones de veces.<br>&#8211; No hay absolutamente ning\u00fan motivo de preocupaci\u00f3n, se\u00f1ores. Seguir\u00e1n necesitando mucho petr\u00f3leo dentro de diez y dentro de cincuenta a\u00f1os. Suplicar\u00e1n por \u00e9l de rodillas. Pagar\u00e1n lo que les pidamos.<br>El representante de DDco ri\u00f3 sard\u00f3nicamente, coreado por el de Maroco.<br>&#8211; \u00bfY que hay de esas historias de coches de alto rendimiento? \u00a1Tres litros cada 100 kil\u00f3metros, por Dios!<br>&#8211; Paparruchas. Ediciones para coleccionistas y ecoprogresistas con complejo de culpabilidad. Estamos instalados en los viejos y s\u00f3lidos 10 litros por cada cien, y espero que no nos movamos de ah\u00ed en mucho tiempo.<br>&#8211; \u00bfY la historia del D\u00eda sin Coches? \u00bfUn d\u00eda entero sin usar el auto? \u00bfSe imagina si este tipo de iniciativas se extienden? Como un maldito c\u00e1ncer.<br>&#8211; Ta, ta, ta. Todo est\u00e1 controlado. Un poco de teatro no viene mal una vez al a\u00f1o. Y no es un d\u00eda entero, carajo. S\u00f3lo cuatro horas.<br>Un suspiro de alivio recorri\u00f3 los sudorosos semblantes de los petroasesores.<br>&#8211; Cuatro horas. Excelente. Pero, \u00bfque hay de cierto en los rumores que corren sobre esas&#8230; esas&#8230; esas&#8230; -un segundo antes de ahogarse, consigui\u00f3 pronunciar las palabras- energ\u00edas renovables?<br>&#8211; Al ritmo actual, no ser\u00e1n ning\u00fan motivo de preocupaci\u00f3n hasta que los batracios desarrollen ap\u00e9ndices capilares, si captan la expresi\u00f3n.<br>El representante de Oroco tard\u00f3 casi treinta segundos en re\u00edrse. En ese momento, un ujier entr\u00f3 con una nota y se la entreg\u00f3 al representante de Barimco. \u00c9ste no perdi\u00f3 un minuto en informar a la concurrencia.<br>&#8211; Los representantes de los diecis\u00e9is grandes [consumidores de petr\u00f3leo] han difundido un comunicado: \u201cno incentivar el consumo de petr\u00f3leo equivale a atentar contra los s\u00f3lidos valores del libre mercado, puntal a su vez de una libertad sana -que no equivale en modo alguno a libertinaje- garant\u00eda por lo tanto del desarrollo ordenado y feliz de nuestra gran civilizaci\u00f3n atl\u00e1ntica\u201d. Algo retorcido&#8230; se nota la mano de Pep\u00edn Entrambasaguas, deb\u00eda estar de guardia esa noche. En fin, caballeros. Victoria completa. Se han impuesto, una vez m\u00e1s, el inter\u00e9s de las generaciones venideras, el sentido com\u00fan y la cordura.<br>El representante del Departamento de Estado bostez\u00f3.<br>&#8211; Que barbaridad. Y esta vez ni siquiera ha hecho falta bombardear nada.<\/p>\n\n\n\n<p>***************<\/p>\n\n\n\n<p>Apenas dos semanas despu\u00e9s de aparecer esta&nbsp;cr\u00f3nica de la reacci\u00f3n de la OELP [Organizaci\u00f3n de Entidades que se Lucran con el Petr\u00f3leo] a las intenciones de la Uni\u00f3n Europea de reducir el consumo de oro negro, llegaron las rese\u00f1as de una reuni\u00f3n real entre la OPEP y la UE. Como ver\u00e1n, la realidad supera de largo a la ficci\u00f3n.<\/p>\n\n\n\n<p>La UE y OPEP mantuvieron Bruselas una reuni\u00f3n de di\u00e1logo, en la que el tema principal fue el alto precio del crudo y su volatilidad. Seg\u00fan el comisario europeo de Energ\u00eda, Andris Piebalgs, estos precios \u00abmenoscaban la situaci\u00f3n de los consumidores pero tambi\u00e9n de las inversiones de los productores\u00bb.<\/p>\n\n\n\n<p>Naturalmente Piebalgs dijo que la UE continuar\u00eda importando m\u00e1s petr\u00f3leo, pero asegur\u00f3 que tambi\u00e9n hay que tener en cuenta a su vez las pol\u00edticas europeas para luchar contra el cambio clim\u00e1tico.<\/p>\n\n\n\n<p>[Chakib] Khelil (presidente de la OPEP) reconoci\u00f3 que medidas como la introducci\u00f3n de energ\u00edas renovables, la mejora de la eficiencia energ\u00e9tica o la reducci\u00f3n de las emisiones de CO2 pueden reducir la demanda de crudo de la UE, pero indic\u00f3 que esto puede ser positivo \u00abporque as\u00ed quiz\u00e1 tengamos m\u00e1s suministro, m\u00e1s oferta, precios algo m\u00e1s bajos\u00bb. No sin iron\u00eda, termin\u00f3 diciendo \u00abPienso que la UE est\u00e1 haciendo bien las cosas y que tiene que seguir por esta v\u00eda\u00bb.<\/p>\n\n\n\n<p>El ministro esloveno de Econom\u00eda, Andrej Vizjak, cuyo pa\u00eds preside este semestre la UE, indic\u00f3 que los combustibles f\u00f3siles \u00abcontinuar\u00e1n desempe\u00f1ando un papel clave en el suministro energ\u00e9tico\u00bb de la Uni\u00f3n, en especial en el transporte, si bien admiti\u00f3 que reducir las emisiones de gases contaminantes \u00abes una obligaci\u00f3n\u00bb.\u00bb Am\u00e9n.<\/p>\n\n\n\n<p>Marciano Lafuente<\/p>\n","protected":false},"excerpt":{"rendered":"<p>Ante las preocupantes noticias llegadas de Europa, los asesores de la OELP [Organizaci\u00f3n de Entidades que se Lucran con el Petr\u00f3leo] (o Ellos, que suena &hellip; <\/p>\n","protected":false},"author":1,"featured_media":19197,"comment_status":"open","ping_status":"open","sticky":false,"template":"","format":"standard","meta":{"_uag_custom_page_level_css":"","advanced_seo_description":"","jetpack_seo_html_title":"","jetpack_seo_noindex":false,"jetpack_publicize_message":"","jetpack_is_tweetstorm":false,"jetpack_publicize_feature_enabled":true,"jetpack_social_post_already_shared":true,"jetpack_social_options":[]},"categories":[1],"tags":[],"espacio":[],"tiempos":[],"asuntos":[],"jetpack_publicize_connections":[],"jetpack_featured_media_url":"http:\/\/aeropinakes.com\/entrada\/wordpress\/wp-content\/uploads\/2022\/10\/granvia.jpg","uagb_featured_image_src":{"full":["http:\/\/aeropinakes.com\/entrada\/wordpress\/wp-content\/uploads\/2022\/10\/granvia.jpg",800,600,false],"thumbnail":["http:\/\/aeropinakes.com\/entrada\/wordpress\/wp-content\/uploads\/2022\/10\/granvia-150x150.jpg",150,150,true],"medium":["http:\/\/aeropinakes.com\/entrada\/wordpress\/wp-content\/uploads\/2022\/10\/granvia-300x225.jpg",300,225,true],"medium_large":["http:\/\/aeropinakes.com\/entrada\/wordpress\/wp-content\/uploads\/2022\/10\/granvia-768x576.jpg",768,576,true],"large":["http:\/\/aeropinakes.com\/entrada\/wordpress\/wp-content\/uploads\/2022\/10\/granvia.jpg",800,600,false],"1536x1536":["http:\/\/aeropinakes.com\/entrada\/wordpress\/wp-content\/uploads\/2022\/10\/granvia.jpg",800,600,false],"2048x2048":["http:\/\/aeropinakes.com\/entrada\/wordpress\/wp-content\/uploads\/2022\/10\/granvia.jpg",800,600,false],"bam-large":["http:\/\/aeropinakes.com\/entrada\/wordpress\/wp-content\/uploads\/2022\/10\/granvia.jpg",800,600,false],"bam-featured":["http:\/\/aeropinakes.com\/entrada\/wordpress\/wp-content\/uploads\/2022\/10\/granvia-800x530.jpg",800,530,true],"bam-list":["http:\/\/aeropinakes.com\/entrada\/wordpress\/wp-content\/uploads\/2022\/10\/granvia-700x465.jpg",700,465,true],"bam-thumb":["http:\/\/aeropinakes.com\/entrada\/wordpress\/wp-content\/uploads\/2022\/10\/granvia-445x265.jpg",445,265,true],"bam-small":["http:\/\/aeropinakes.com\/entrada\/wordpress\/wp-content\/uploads\/2022\/10\/granvia-120x85.jpg",120,85,true],"rpwe-thumbnail":["http:\/\/aeropinakes.com\/entrada\/wordpress\/wp-content\/uploads\/2022\/10\/granvia-45x45.jpg",45,45,true]},"uagb_author_info":{"display_name":"Marciano Lafuente","author_link":"http:\/\/aeropinakes.com\/entrada\/wordpress\/author\/aeropinakes\/"},"uagb_comment_info":0,"uagb_excerpt":"Ante las preocupantes noticias llegadas de Europa, los asesores de la OELP [Organizaci\u00f3n de Entidades que se Lucran con el Petr\u00f3leo] (o Ellos, que suena &hellip;","jetpack_sharing_enabled":true,"jetpack_likes_enabled":true,"jetpack-related-posts":[{"id":7594,"url":"http:\/\/aeropinakes.com\/entrada\/wordpress\/2023\/01\/16\/rfe\/","url_meta":{"origin":1731,"position":0},"title":"RFE","date":"16 de enero de 2023","format":false,"excerpt":"","rel":"","context":"Entrada similar","img":{"alt_text":"","src":"https:\/\/i0.wp.com\/aeropinakes.com\/entrada\/wordpress\/wp-content\/uploads\/2020\/07\/RFE.jpg?resize=350%2C200","width":350,"height":200},"classes":[]},{"id":15389,"url":"http:\/\/aeropinakes.com\/entrada\/wordpress\/2019\/04\/08\/optimismo\/","url_meta":{"origin":1731,"position":1},"title":"Optimismo","date":"8 de abril de 2019","format":false,"excerpt":"","rel":"","context":"Entrada similar","img":{"alt_text":"","src":"https:\/\/i0.wp.com\/aeropinakes.com\/entrada\/wordpress\/wp-content\/uploads\/2022\/10\/optimismo.jpg?resize=350%2C200","width":350,"height":200},"classes":[]},{"id":19249,"url":"http:\/\/aeropinakes.com\/entrada\/wordpress\/2022\/12\/13\/cartel\/","url_meta":{"origin":1731,"position":2},"title":"Cartel","date":"13 de diciembre de 2022","format":false,"excerpt":"","rel":"","context":"Entrada similar","img":{"alt_text":"","src":"https:\/\/i0.wp.com\/aeropinakes.com\/entrada\/wordpress\/wp-content\/uploads\/2022\/12\/wokezote1000.jpg?resize=350%2C200","width":350,"height":200},"classes":[]},{"id":1666,"url":"http:\/\/aeropinakes.com\/entrada\/wordpress\/2009\/05\/05\/la-crisis-de-la-corbata\/","url_meta":{"origin":1731,"position":3},"title":"La crisis de la corbata","date":"5 de mayo de 2009","format":"image","excerpt":"","rel":"","context":"Entrada similar","img":{"alt_text":"","src":"https:\/\/i0.wp.com\/aeropinakes.com\/entrada\/wordpress\/wp-content\/uploads\/2022\/10\/crisisdelacorbata.jpg?resize=350%2C200","width":350,"height":200},"classes":[]},{"id":15176,"url":"http:\/\/aeropinakes.com\/entrada\/wordpress\/2019\/02\/22\/reserva-un-cajon-para-la-identidad-la-vas-a-necesitar\/","url_meta":{"origin":1731,"position":4},"title":"Reserva un caj\u00f3n para la identidad, la vas a necesitar","date":"22 de febrero de 2019","format":false,"excerpt":"\u00bfHace mucho que no te acuerdas de tu identidad o no sabes donde las has metido? B\u00fascala y m\u00e9tela en un caj\u00f3n especial y reservado, la vas a necesitar muy pronto.","rel":"","context":"Entrada similar","img":{"alt_text":"","src":"https:\/\/i0.wp.com\/aeropinakes.com\/entrada\/wordpress\/wp-content\/uploads\/2022\/10\/elvestidordelpatriota.jpg?resize=350%2C200","width":350,"height":200},"classes":[]},{"id":1728,"url":"http:\/\/aeropinakes.com\/entrada\/wordpress\/2008\/06\/20\/propuesta-de-enmienda-de-la-constitucion\/","url_meta":{"origin":1731,"position":5},"title":"Propuesta de enmienda de la Constituci\u00f3n","date":"20 de junio de 2008","format":false,"excerpt":"Donde dice: \"La soberan\u00eda nacional reside en el pueblo espa\u00f1ol.\" Debe decir: \"La autoridad pol\u00edtica leg\u00edtima de la Demarcaci\u00f3n Administrativa Denominada Estado Espa\u00f1ol reside en el conjunto de Personas con Relaciones de Ciudadan\u00eda Asociadas al Estado Espa\u00f1ol\", o algo por el estilo.","rel":"","context":"Entrada similar","img":{"alt_text":"","src":"https:\/\/i0.wp.com\/aeropinakes.com\/entrada\/wordpress\/wp-content\/uploads\/2022\/10\/zonasantropodemograficas.jpg?resize=350%2C200","width":350,"height":200},"classes":[]}],"jetpack_shortlink":"https:\/\/wp.me\/p7KvLD-rV","_links":{"self":[{"href":"http:\/\/aeropinakes.com\/entrada\/wordpress\/wp-json\/wp\/v2\/posts\/1731"}],"collection":[{"href":"http:\/\/aeropinakes.com\/entrada\/wordpress\/wp-json\/wp\/v2\/posts"}],"about":[{"href":"http:\/\/aeropinakes.com\/entrada\/wordpress\/wp-json\/wp\/v2\/types\/post"}],"author":[{"embeddable":true,"href":"http:\/\/aeropinakes.com\/entrada\/wordpress\/wp-json\/wp\/v2\/users\/1"}],"replies":[{"embeddable":true,"href":"http:\/\/aeropinakes.com\/entrada\/wordpress\/wp-json\/wp\/v2\/comments?post=1731"}],"version-history":[{"count":4,"href":"http:\/\/aeropinakes.com\/entrada\/wordpress\/wp-json\/wp\/v2\/posts\/1731\/revisions"}],"predecessor-version":[{"id":19199,"href":"http:\/\/aeropinakes.com\/entrada\/wordpress\/wp-json\/wp\/v2\/posts\/1731\/revisions\/19199"}],"wp:featuredmedia":[{"embeddable":true,"href":"http:\/\/aeropinakes.com\/entrada\/wordpress\/wp-json\/wp\/v2\/media\/19197"}],"wp:attachment":[{"href":"http:\/\/aeropinakes.com\/entrada\/wordpress\/wp-json\/wp\/v2\/media?parent=1731"}],"wp:term":[{"taxonomy":"category","embeddable":true,"href":"http:\/\/aeropinakes.com\/entrada\/wordpress\/wp-json\/wp\/v2\/categories?post=1731"},{"taxonomy":"post_tag","embeddable":true,"href":"http:\/\/aeropinakes.com\/entrada\/wordpress\/wp-json\/wp\/v2\/tags?post=1731"},{"taxonomy":"espacio","embeddable":true,"href":"http:\/\/aeropinakes.com\/entrada\/wordpress\/wp-json\/wp\/v2\/espacio?post=1731"},{"taxonomy":"tiempos","embeddable":true,"href":"http:\/\/aeropinakes.com\/entrada\/wordpress\/wp-json\/wp\/v2\/tiempos?post=1731"},{"taxonomy":"asuntos","embeddable":true,"href":"http:\/\/aeropinakes.com\/entrada\/wordpress\/wp-json\/wp\/v2\/asuntos?post=1731"}],"curies":[{"name":"wp","href":"https:\/\/api.w.org\/{rel}","templated":true}]}}