{"id":1728,"date":"2008-06-20T19:03:00","date_gmt":"2008-06-20T19:03:00","guid":{"rendered":"http:\/\/idoubedabooks.wordpress.com\/2008\/06\/20\/propuesta-de-enmienda-de-la-constitucion"},"modified":"2022-10-09T17:28:41","modified_gmt":"2022-10-09T17:28:41","slug":"propuesta-de-enmienda-de-la-constitucion","status":"publish","type":"post","link":"http:\/\/aeropinakes.com\/entrada\/wordpress\/2008\/06\/20\/propuesta-de-enmienda-de-la-constitucion\/","title":{"rendered":"Propuesta de enmienda de la Constituci\u00f3n"},"content":{"rendered":"\n<div class=\"wp-block-uagb-image uagb-block-fccd8b5a wp-block-uagb-image--layout-default wp-block-uagb-image--effect-static wp-block-uagb-image--align-center\"><figure class=\"wp-block-uagb-image__figure\"><a class=\"\" href=\"http:\/\/aeropinakes.com\/entrada\/wordpress\/wp-content\/uploads\/2022\/10\/zonasantropodemograficas.jpg\" target=\"\" rel=\"noopener\"><img decoding=\"async\" loading=\"lazy\" srcset=\"http:\/\/aeropinakes.com\/entrada\/wordpress\/wp-content\/uploads\/2022\/10\/zonasantropodemograficas.jpg \" src=\"http:\/\/aeropinakes.com\/entrada\/wordpress\/wp-content\/uploads\/2022\/10\/zonasantropodemograficas.jpg\" alt=\"Mapa de xonas antropodemogr\u00e1ficas, por Luis de Hoyos Sainz.\" class=\"uag-image-19201\" width=\"\" height=\"\" title=\"\"\/><\/a><\/figure><\/div>\n\n\n\n<p>Donde dice:<\/p>\n\n\n\n<h3>\u00abLa soberan\u00eda nacional reside en el pueblo espa\u00f1ol.\u00bb<\/h3>\n\n\n\n<p>Debe decir:<\/p>\n\n\n\n<h3>\u00abLa autoridad pol\u00edtica leg\u00edtima de la Demarcaci\u00f3n Administrativa Denominada Estado Espa\u00f1ol reside en el conjunto de Personas con Relaciones de Ciudadan\u00eda Asociadas al Estado Espa\u00f1ol\u00bb, o algo por el estilo.<\/h3>\n","protected":false},"excerpt":{"rendered":"<p>Donde dice: \u00abLa soberan\u00eda nacional reside en el pueblo espa\u00f1ol.\u00bb Debe decir: \u00abLa autoridad pol\u00edtica leg\u00edtima de la Demarcaci\u00f3n Administrativa Denominada Estado Espa\u00f1ol reside en &hellip; <\/p>\n","protected":false},"author":1,"featured_media":19201,"comment_status":"open","ping_status":"open","sticky":false,"template":"","format":"standard","meta":{"_uag_custom_page_level_css":"","advanced_seo_description":"","jetpack_seo_html_title":"","jetpack_seo_noindex":false,"jetpack_publicize_message":"","jetpack_is_tweetstorm":false,"jetpack_publicize_feature_enabled":true,"jetpack_social_post_already_shared":true,"jetpack_social_options":[]},"categories":[1],"tags":[],"espacio":[],"tiempos":[],"asuntos":[],"jetpack_publicize_connections":[],"jetpack_featured_media_url":"http:\/\/aeropinakes.com\/entrada\/wordpress\/wp-content\/uploads\/2022\/10\/zonasantropodemograficas.jpg","uagb_featured_image_src":{"full":["http:\/\/aeropinakes.com\/entrada\/wordpress\/wp-content\/uploads\/2022\/10\/zonasantropodemograficas.jpg",800,549,false],"thumbnail":["http:\/\/aeropinakes.com\/entrada\/wordpress\/wp-content\/uploads\/2022\/10\/zonasantropodemograficas-150x150.jpg",150,150,true],"medium":["http:\/\/aeropinakes.com\/entrada\/wordpress\/wp-content\/uploads\/2022\/10\/zonasantropodemograficas-300x206.jpg",300,206,true],"medium_large":["http:\/\/aeropinakes.com\/entrada\/wordpress\/wp-content\/uploads\/2022\/10\/zonasantropodemograficas-768x527.jpg",768,527,true],"large":["http:\/\/aeropinakes.com\/entrada\/wordpress\/wp-content\/uploads\/2022\/10\/zonasantropodemograficas.jpg",800,549,false],"1536x1536":["http:\/\/aeropinakes.com\/entrada\/wordpress\/wp-content\/uploads\/2022\/10\/zonasantropodemograficas.jpg",800,549,false],"2048x2048":["http:\/\/aeropinakes.com\/entrada\/wordpress\/wp-content\/uploads\/2022\/10\/zonasantropodemograficas.jpg",800,549,false],"bam-large":["http:\/\/aeropinakes.com\/entrada\/wordpress\/wp-content\/uploads\/2022\/10\/zonasantropodemograficas.jpg",800,549,false],"bam-featured":["http:\/\/aeropinakes.com\/entrada\/wordpress\/wp-content\/uploads\/2022\/10\/zonasantropodemograficas-800x530.jpg",800,530,true],"bam-list":["http:\/\/aeropinakes.com\/entrada\/wordpress\/wp-content\/uploads\/2022\/10\/zonasantropodemograficas-700x465.jpg",700,465,true],"bam-thumb":["http:\/\/aeropinakes.com\/entrada\/wordpress\/wp-content\/uploads\/2022\/10\/zonasantropodemograficas-445x265.jpg",445,265,true],"bam-small":["http:\/\/aeropinakes.com\/entrada\/wordpress\/wp-content\/uploads\/2022\/10\/zonasantropodemograficas-120x85.jpg",120,85,true],"rpwe-thumbnail":["http:\/\/aeropinakes.com\/entrada\/wordpress\/wp-content\/uploads\/2022\/10\/zonasantropodemograficas-45x45.jpg",45,45,true]},"uagb_author_info":{"display_name":"Marciano Lafuente","author_link":"http:\/\/aeropinakes.com\/entrada\/wordpress\/author\/aeropinakes\/"},"uagb_comment_info":2,"uagb_excerpt":"Donde dice: \u00abLa soberan\u00eda nacional reside en el pueblo espa\u00f1ol.\u00bb Debe decir: \u00abLa autoridad pol\u00edtica leg\u00edtima de la Demarcaci\u00f3n Administrativa Denominada Estado Espa\u00f1ol reside en &hellip;","jetpack_sharing_enabled":true,"jetpack_likes_enabled":true,"jetpack-related-posts":[{"id":1723,"url":"http:\/\/aeropinakes.com\/entrada\/wordpress\/2008\/07\/07\/manifiesto-por-el-desarme-linguistico\/","url_meta":{"origin":1728,"position":0},"title":"Manifiesto por el desarme ling\u00fc\u00edstico","date":"7 de julio de 2008","format":false,"excerpt":"Roman Engine (Calpurnia Coronel) La idea general del Manifiesto por el Desarme Ling\u00fc\u00edstico es sencilla: deben desaparecer todas las referencias legales a las lenguas, acerca de si son o no \"propias\", de si deben o no ser conocidas, o ser obligatorias para una cosa o para otra, o de si\u2026","rel":"","context":"Entrada similar","img":{"alt_text":"","src":"https:\/\/i0.wp.com\/aeropinakes.com\/entrada\/wordpress\/wp-content\/uploads\/2016\/10\/romanengine.jpg?resize=350%2C200","width":350,"height":200},"classes":[]},{"id":15275,"url":"http:\/\/aeropinakes.com\/entrada\/wordpress\/2019\/03\/20\/una-medida-de-los-republicanos-que-gustara-a-todo-el-mundo\/","url_meta":{"origin":1728,"position":1},"title":"Una medida de los republicanos que gustar\u00e1 a todo el mundo","date":"20 de marzo de 2019","format":false,"excerpt":"Photo by\u00a0Alexandra\u00a0on\u00a0Unsplash Los nacionalistas espa\u00f1oles, partidarios de la\u00a0 obligatoriedad del uso del espa\u00f1ol en todo el territorio nacional, est\u00e1n de enhorabuena. La administraci\u00f3n Trump quiere declarar el ingl\u00e9s como lengua oficial y preeminente de la Uni\u00f3n, y derogar una ley de la \u00faltima administraci\u00f3n Clinton que obligaba (o al menos\u2026","rel":"","context":"Entrada similar","img":{"alt_text":"","src":"https:\/\/i0.wp.com\/aeropinakes.com\/wordpress\/wp-content\/uploads\/2019\/03\/alexandra-633017-unsplash.jpg?resize=350%2C200&ssl=1","width":350,"height":200},"classes":[]},{"id":7594,"url":"http:\/\/aeropinakes.com\/entrada\/wordpress\/2023\/01\/16\/rfe\/","url_meta":{"origin":1728,"position":2},"title":"RFE","date":"16 de enero de 2023","format":false,"excerpt":"","rel":"","context":"Entrada similar","img":{"alt_text":"","src":"https:\/\/i0.wp.com\/aeropinakes.com\/entrada\/wordpress\/wp-content\/uploads\/2020\/07\/RFE.jpg?resize=350%2C200","width":350,"height":200},"classes":[]},{"id":15389,"url":"http:\/\/aeropinakes.com\/entrada\/wordpress\/2019\/04\/08\/optimismo\/","url_meta":{"origin":1728,"position":3},"title":"Optimismo","date":"8 de abril de 2019","format":false,"excerpt":"","rel":"","context":"Entrada similar","img":{"alt_text":"","src":"https:\/\/i0.wp.com\/aeropinakes.com\/entrada\/wordpress\/wp-content\/uploads\/2022\/10\/optimismo.jpg?resize=350%2C200","width":350,"height":200},"classes":[]},{"id":19249,"url":"http:\/\/aeropinakes.com\/entrada\/wordpress\/2022\/12\/13\/cartel\/","url_meta":{"origin":1728,"position":4},"title":"Cartel","date":"13 de diciembre de 2022","format":false,"excerpt":"","rel":"","context":"Entrada similar","img":{"alt_text":"","src":"https:\/\/i0.wp.com\/aeropinakes.com\/entrada\/wordpress\/wp-content\/uploads\/2022\/12\/wokezote1000.jpg?resize=350%2C200","width":350,"height":200},"classes":[]},{"id":1666,"url":"http:\/\/aeropinakes.com\/entrada\/wordpress\/2009\/05\/05\/la-crisis-de-la-corbata\/","url_meta":{"origin":1728,"position":5},"title":"La crisis de la corbata","date":"5 de mayo de 2009","format":"image","excerpt":"","rel":"","context":"Entrada similar","img":{"alt_text":"","src":"https:\/\/i0.wp.com\/aeropinakes.com\/entrada\/wordpress\/wp-content\/uploads\/2022\/10\/crisisdelacorbata.jpg?resize=350%2C200","width":350,"height":200},"classes":[]}],"jetpack_shortlink":"https:\/\/wp.me\/p7KvLD-rS","_links":{"self":[{"href":"http:\/\/aeropinakes.com\/entrada\/wordpress\/wp-json\/wp\/v2\/posts\/1728"}],"collection":[{"href":"http:\/\/aeropinakes.com\/entrada\/wordpress\/wp-json\/wp\/v2\/posts"}],"about":[{"href":"http:\/\/aeropinakes.com\/entrada\/wordpress\/wp-json\/wp\/v2\/types\/post"}],"author":[{"embeddable":true,"href":"http:\/\/aeropinakes.com\/entrada\/wordpress\/wp-json\/wp\/v2\/users\/1"}],"replies":[{"embeddable":true,"href":"http:\/\/aeropinakes.com\/entrada\/wordpress\/wp-json\/wp\/v2\/comments?post=1728"}],"version-history":[{"count":3,"href":"http:\/\/aeropinakes.com\/entrada\/wordpress\/wp-json\/wp\/v2\/posts\/1728\/revisions"}],"predecessor-version":[{"id":19203,"href":"http:\/\/aeropinakes.com\/entrada\/wordpress\/wp-json\/wp\/v2\/posts\/1728\/revisions\/19203"}],"wp:featuredmedia":[{"embeddable":true,"href":"http:\/\/aeropinakes.com\/entrada\/wordpress\/wp-json\/wp\/v2\/media\/19201"}],"wp:attachment":[{"href":"http:\/\/aeropinakes.com\/entrada\/wordpress\/wp-json\/wp\/v2\/media?parent=1728"}],"wp:term":[{"taxonomy":"category","embeddable":true,"href":"http:\/\/aeropinakes.com\/entrada\/wordpress\/wp-json\/wp\/v2\/categories?post=1728"},{"taxonomy":"post_tag","embeddable":true,"href":"http:\/\/aeropinakes.com\/entrada\/wordpress\/wp-json\/wp\/v2\/tags?post=1728"},{"taxonomy":"espacio","embeddable":true,"href":"http:\/\/aeropinakes.com\/entrada\/wordpress\/wp-json\/wp\/v2\/espacio?post=1728"},{"taxonomy":"tiempos","embeddable":true,"href":"http:\/\/aeropinakes.com\/entrada\/wordpress\/wp-json\/wp\/v2\/tiempos?post=1728"},{"taxonomy":"asuntos","embeddable":true,"href":"http:\/\/aeropinakes.com\/entrada\/wordpress\/wp-json\/wp\/v2\/asuntos?post=1728"}],"curies":[{"name":"wp","href":"https:\/\/api.w.org\/{rel}","templated":true}]}}