{"id":1658,"date":"2010-01-25T15:58:00","date_gmt":"2010-01-25T15:58:00","guid":{"rendered":"http:\/\/idoubedabooks.wordpress.com\/2010\/01\/25\/proyecto-gran-columnista"},"modified":"2022-10-12T17:13:15","modified_gmt":"2022-10-12T17:13:15","slug":"proyecto-gran-columnista","status":"publish","type":"post","link":"http:\/\/aeropinakes.com\/entrada\/wordpress\/2010\/01\/25\/proyecto-gran-columnista\/","title":{"rendered":"Proyecto Gran Columnista"},"content":{"rendered":"<div class=\"wp-block-image\">\n<figure class=\"aligncenter size-full is-resized\"><a href=\"http:\/\/aeropinakes.com\/entrada\/wordpress\/wp-content\/uploads\/2016\/03\/gorila-751977.jpg\"><img decoding=\"async\" loading=\"lazy\" src=\"http:\/\/aeropinakes.com\/entrada\/wordpress\/wp-content\/uploads\/2016\/03\/gorila-751977.jpg\" alt=\"\" class=\"wp-image-476\" width=\"800\" height=\"1011\" srcset=\"http:\/\/aeropinakes.com\/entrada\/wordpress\/wp-content\/uploads\/2016\/03\/gorila-751977.jpg 800w, http:\/\/aeropinakes.com\/entrada\/wordpress\/wp-content\/uploads\/2016\/03\/gorila-751977-237x300.jpg 237w, http:\/\/aeropinakes.com\/entrada\/wordpress\/wp-content\/uploads\/2016\/03\/gorila-751977-768x971.jpg 768w\" sizes=\"(max-width: 800px) 100vw, 800px\" \/><\/a><\/figure><\/div>\n\n\n<p>Una gorila joven en el zool\u00f3gico de Berl\u00edn<\/p>\n\n\n\n<p><span style=\"color: #201e1f; font-family: Verdana, Arial, Helvetica, sans-serif;\">Las reacciones de los columnistas de orden al tr\u00e1mite parlamentario del <a href=\"http:\/\/www.greatapeproject.org\/\" target=\"_blank\" rel=\"noopener\">Proyecto Gran Simio<\/a>, dentro de su brillantez general, han insistido en cuatro ideas b\u00e1sicas:&nbsp;<\/span><\/p>\n\n\n\n<p><span style=\"color: #201e1f; font-family: Verdana, Arial, Helvetica, sans-serif;\">a) \u00bfD\u00f3nde vamos a ir a parar? (variante: es el fin de nuestra civilizaci\u00f3n).&nbsp;<\/span><\/p>\n\n\n\n<p><span style=\"color: #201e1f; font-family: Verdana, Arial, Helvetica, sans-serif;\">b) Ahora los orangutanes podr\u00e1n votar (y votar\u00e1n al PSOE). Variante: manifestaciones de gorilas exigiendo su Statut.&nbsp;<\/span><\/p>\n\n\n\n<p><span style=\"color: #201e1f; font-family: Verdana, Arial, Helvetica, sans-serif;\">c) Hitler tambi\u00e9n prohibi\u00f3 la caza del zorro con el argumento de que el III Reich no toleraba el sufrimiento de los animales y&nbsp;<\/span><\/p>\n\n\n\n<p><span style=\"color: #201e1f; font-family: Verdana, Arial, Helvetica, sans-serif;\">d) esto nos lleva directamente a la eutanasia y a la descomposici\u00f3n de la sociedad, mientras que la Familia, como siempre, sigue desprotegida. <\/span><\/p>\n","protected":false},"excerpt":{"rendered":"<p>Una gorila joven en el zool\u00f3gico de Berl\u00edn Las reacciones de los columnistas de orden al tr\u00e1mite parlamentario del Proyecto Gran Simio, dentro de su &hellip; <\/p>\n","protected":false},"author":1,"featured_media":476,"comment_status":"open","ping_status":"open","sticky":false,"template":"","format":"standard","meta":{"_uag_custom_page_level_css":"","advanced_seo_description":"","jetpack_seo_html_title":"","jetpack_seo_noindex":false,"jetpack_publicize_message":"","jetpack_is_tweetstorm":false,"jetpack_publicize_feature_enabled":true,"jetpack_social_post_already_shared":true,"jetpack_social_options":[]},"categories":[1],"tags":[],"espacio":[],"tiempos":[],"asuntos":[],"jetpack_publicize_connections":[],"jetpack_featured_media_url":"http:\/\/aeropinakes.com\/entrada\/wordpress\/wp-content\/uploads\/2016\/03\/gorila-751977.jpg","uagb_featured_image_src":{"full":["http:\/\/aeropinakes.com\/entrada\/wordpress\/wp-content\/uploads\/2016\/03\/gorila-751977.jpg",800,1011,false],"thumbnail":["http:\/\/aeropinakes.com\/entrada\/wordpress\/wp-content\/uploads\/2016\/03\/gorila-751977-150x150.jpg",150,150,true],"medium":["http:\/\/aeropinakes.com\/entrada\/wordpress\/wp-content\/uploads\/2016\/03\/gorila-751977-237x300.jpg",237,300,true],"medium_large":["http:\/\/aeropinakes.com\/entrada\/wordpress\/wp-content\/uploads\/2016\/03\/gorila-751977-768x971.jpg",768,971,true],"large":["http:\/\/aeropinakes.com\/entrada\/wordpress\/wp-content\/uploads\/2016\/03\/gorila-751977.jpg",800,1011,false],"1536x1536":["http:\/\/aeropinakes.com\/entrada\/wordpress\/wp-content\/uploads\/2016\/03\/gorila-751977.jpg",800,1011,false],"2048x2048":["http:\/\/aeropinakes.com\/entrada\/wordpress\/wp-content\/uploads\/2016\/03\/gorila-751977.jpg",800,1011,false],"bam-large":["http:\/\/aeropinakes.com\/entrada\/wordpress\/wp-content\/uploads\/2016\/03\/gorila-751977.jpg",633,800,false],"bam-featured":["http:\/\/aeropinakes.com\/entrada\/wordpress\/wp-content\/uploads\/2016\/03\/gorila-751977.jpg",419,530,false],"bam-list":["http:\/\/aeropinakes.com\/entrada\/wordpress\/wp-content\/uploads\/2016\/03\/gorila-751977.jpg",368,465,false],"bam-thumb":["http:\/\/aeropinakes.com\/entrada\/wordpress\/wp-content\/uploads\/2016\/03\/gorila-751977.jpg",210,265,false],"bam-small":["http:\/\/aeropinakes.com\/entrada\/wordpress\/wp-content\/uploads\/2016\/03\/gorila-751977.jpg",67,85,false],"rpwe-thumbnail":["http:\/\/aeropinakes.com\/entrada\/wordpress\/wp-content\/uploads\/2016\/03\/gorila-751977.jpg",36,45,false]},"uagb_author_info":{"display_name":"Marciano Lafuente","author_link":"http:\/\/aeropinakes.com\/entrada\/wordpress\/author\/aeropinakes\/"},"uagb_comment_info":0,"uagb_excerpt":"Una gorila joven en el zool\u00f3gico de Berl\u00edn Las reacciones de los columnistas de orden al tr\u00e1mite parlamentario del Proyecto Gran Simio, dentro de su &hellip;","jetpack_sharing_enabled":true,"jetpack_likes_enabled":true,"jetpack-related-posts":[{"id":1412,"url":"http:\/\/aeropinakes.com\/entrada\/wordpress\/2013\/01\/31\/que-emprendan-ellos\/","url_meta":{"origin":1658,"position":0},"title":"El emprendimiento fructifica la tierra","date":"31 de enero de 2013","format":false,"excerpt":"Los emprendedores son la panacea de la econom\u00eda: la soluci\u00f3n del paro y de la crisis en general. En lugar de trabajadores resentidos o parados desesperados, lo que quiere el Gobierno y la Patronal al un\u00edsono es un pa\u00eds de emprendedores: seres beat\u00edficos que trabajan 16 horas al d\u00eda, con\u2026","rel":"","context":"Entrada similar","img":{"alt_text":"","src":"https:\/\/i0.wp.com\/aeropinakes.com\/entrada\/wordpress\/wp-content\/uploads\/2016\/08\/paisajecamposnubes.jpg?resize=350%2C200","width":350,"height":200},"classes":[]},{"id":19237,"url":"http:\/\/aeropinakes.com\/entrada\/wordpress\/2022\/10\/31\/paises-divididos-si-literalmente\/","url_meta":{"origin":1658,"position":1},"title":"\u00bfPa\u00edses divididos? S\u00ed, literalmente","date":"31 de octubre de 2022","format":false,"excerpt":"La \u00faltima elecci\u00f3n en Brasil ha salido casi mitad y mitad (49%\/51%) y muestra un pa\u00eds claramente dividido. Lula gan\u00f3 en el Nordeste y Bolsonaro en el Sureste (m\u00e1s o menos). Cuando se trata de eleciones entre solo dos opciones, muchos pa\u00edses muestran una divisi\u00f3n mitad y mitad que se\u2026","rel":"","context":"Entrada similar","img":{"alt_text":"","src":"https:\/\/i0.wp.com\/aeropinakes.com\/entrada\/wordpress\/wp-content\/uploads\/2022\/10\/fachalandrprogreland1000-scaled.jpg?resize=350%2C200","width":350,"height":200},"classes":[]},{"id":17788,"url":"http:\/\/aeropinakes.com\/entrada\/wordpress\/2020\/06\/19\/civilwarfaring-deporte-olimpico-en-espana\/","url_meta":{"origin":1658,"position":2},"title":"Civilwarfaring, deporte ol\u00edmpico en Espa\u00f1a","date":"19 de junio de 2020","format":false,"excerpt":"Hace 81 a\u00f1os que termin\u00f3 la \u00faltima guerra civil en Espa\u00f1a. En Italia acab\u00f3 hace 75 a\u00f1os. El dato para Grecia y China es de 71 a\u00f1os. Francia, Estados Unidos, Portugal y Reino Unido cuentan respectivamente 149, 155, 186 y 369 a\u00f1os sin. En Suecia llevan 497 a\u00f1os sin sufrirla\u2026","rel":"","context":"Entrada similar","img":{"alt_text":"","src":"https:\/\/i0.wp.com\/aeropinakes.com\/entrada\/wordpress\/wp-content\/uploads\/2020\/06\/civiwarfaring.jpg?resize=350%2C200","width":350,"height":200},"classes":[]},{"id":1651,"url":"http:\/\/aeropinakes.com\/entrada\/wordpress\/2022\/02\/18\/tawny-spain\/","url_meta":{"origin":1658,"position":3},"title":"Tawny Spain","date":"18 de febrero de 2022","format":false,"excerpt":"No est\u00e1bamos as\u00ed desde los tiempos de Lord Salisbury. El primer ministro ingl\u00e9s, pocos d\u00edas despu\u00e9s de la derrota de la flota espa\u00f1ola en la bah\u00eda de Manila, pronunci\u00f3 un famoso discurso en el Albert Hall de Londres en el que dividi\u00f3 a las naciones en \u201cpujantes\u201d, ganadoras en la\u2026","rel":"","context":"Entrada similar","img":{"alt_text":"","src":"https:\/\/i0.wp.com\/aeropinakes.com\/entrada\/wordpress\/wp-content\/uploads\/2010\/02\/tawnyspain.jpg?resize=350%2C200","width":350,"height":200},"classes":[]},{"id":15468,"url":"http:\/\/aeropinakes.com\/entrada\/wordpress\/2012\/10\/22\/economia-biblica\/","url_meta":{"origin":1658,"position":4},"title":"Econom\u00eda b\u00edblica","date":"22 de octubre de 2012","format":false,"excerpt":"Despu\u00e9s de la econom\u00eda del ladrillo, la del conocimiento, la real y la financiera, llega la econom\u00eda b\u00edblica. 1. Y dijo Dios: \u201cHasta m\u00ed ha llegado la pestilencia de la tierra de Espa\u00f1a. Los hombres viven por encima de sus posibilidades y han olvidado alabarme. La iniquidad reina en esa\u2026","rel":"","context":"Entrada similar","img":{"alt_text":"","src":"https:\/\/i0.wp.com\/aeropinakes.com\/entrada\/wordpress\/wp-content\/uploads\/2022\/10\/salammbo.jpg?resize=350%2C200","width":350,"height":200},"classes":[]},{"id":17607,"url":"http:\/\/aeropinakes.com\/entrada\/wordpress\/2019\/12\/29\/la-protesta-de-la-espana-repleta\/","url_meta":{"origin":1658,"position":5},"title":"La protesta de la Espa\u00f1a Repleta","date":"29 de diciembre de 2019","format":false,"excerpt":"La Espa\u00f1a Repleta es la gran ciudad, especialmente su centro. Un buen ejemplo es el distrito Centro de Madrid, donde el Ayuntamiento ha tenido que instalar paneles luminosos en dos calles especialmente repletas (Carmen y Preciados) para ordenar el tr\u00e1fico peatonal. Cuando hay mucha afluencia de p\u00fablico, Carmen solo admite\u2026","rel":"","context":"Entrada similar","img":{"alt_text":"","src":"https:\/\/i0.wp.com\/aeropinakes.com\/entrada\/wordpress\/wp-content\/uploads\/2022\/10\/centro.jpg?resize=350%2C200","width":350,"height":200},"classes":[]}],"jetpack_shortlink":"https:\/\/wp.me\/p7KvLD-qK","_links":{"self":[{"href":"http:\/\/aeropinakes.com\/entrada\/wordpress\/wp-json\/wp\/v2\/posts\/1658"}],"collection":[{"href":"http:\/\/aeropinakes.com\/entrada\/wordpress\/wp-json\/wp\/v2\/posts"}],"about":[{"href":"http:\/\/aeropinakes.com\/entrada\/wordpress\/wp-json\/wp\/v2\/types\/post"}],"author":[{"embeddable":true,"href":"http:\/\/aeropinakes.com\/entrada\/wordpress\/wp-json\/wp\/v2\/users\/1"}],"replies":[{"embeddable":true,"href":"http:\/\/aeropinakes.com\/entrada\/wordpress\/wp-json\/wp\/v2\/comments?post=1658"}],"version-history":[{"count":3,"href":"http:\/\/aeropinakes.com\/entrada\/wordpress\/wp-json\/wp\/v2\/posts\/1658\/revisions"}],"predecessor-version":[{"id":19228,"href":"http:\/\/aeropinakes.com\/entrada\/wordpress\/wp-json\/wp\/v2\/posts\/1658\/revisions\/19228"}],"wp:featuredmedia":[{"embeddable":true,"href":"http:\/\/aeropinakes.com\/entrada\/wordpress\/wp-json\/wp\/v2\/media\/476"}],"wp:attachment":[{"href":"http:\/\/aeropinakes.com\/entrada\/wordpress\/wp-json\/wp\/v2\/media?parent=1658"}],"wp:term":[{"taxonomy":"category","embeddable":true,"href":"http:\/\/aeropinakes.com\/entrada\/wordpress\/wp-json\/wp\/v2\/categories?post=1658"},{"taxonomy":"post_tag","embeddable":true,"href":"http:\/\/aeropinakes.com\/entrada\/wordpress\/wp-json\/wp\/v2\/tags?post=1658"},{"taxonomy":"espacio","embeddable":true,"href":"http:\/\/aeropinakes.com\/entrada\/wordpress\/wp-json\/wp\/v2\/espacio?post=1658"},{"taxonomy":"tiempos","embeddable":true,"href":"http:\/\/aeropinakes.com\/entrada\/wordpress\/wp-json\/wp\/v2\/tiempos?post=1658"},{"taxonomy":"asuntos","embeddable":true,"href":"http:\/\/aeropinakes.com\/entrada\/wordpress\/wp-json\/wp\/v2\/asuntos?post=1658"}],"curies":[{"name":"wp","href":"https:\/\/api.w.org\/{rel}","templated":true}]}}