{"id":15588,"date":"2017-03-22T09:34:00","date_gmt":"2017-03-22T09:34:00","guid":{"rendered":"https:\/\/aeropinakes.com\/wordpress\/?p=15588"},"modified":"2022-10-09T17:23:06","modified_gmt":"2022-10-09T17:23:06","slug":"la-nostalgia-de-la-kermes","status":"publish","type":"post","link":"http:\/\/aeropinakes.com\/entrada\/wordpress\/2017\/03\/22\/la-nostalgia-de-la-kermes\/","title":{"rendered":"La nostalgia de la kerm\u00e9s"},"content":{"rendered":"\n<figure class=\"wp-block-image size-large\"><img decoding=\"async\" loading=\"lazy\" width=\"1024\" height=\"683\" src=\"http:\/\/aeropinakes.com\/entrada\/wordpress\/wp-content\/uploads\/2022\/10\/luca-upper-Z-4kOr93RCI-unsplash.1500-1024x683.jpg\" alt=\"\" class=\"wp-image-19148\" srcset=\"http:\/\/aeropinakes.com\/entrada\/wordpress\/wp-content\/uploads\/2022\/10\/luca-upper-Z-4kOr93RCI-unsplash.1500-1024x683.jpg 1024w, http:\/\/aeropinakes.com\/entrada\/wordpress\/wp-content\/uploads\/2022\/10\/luca-upper-Z-4kOr93RCI-unsplash.1500-300x200.jpg 300w, http:\/\/aeropinakes.com\/entrada\/wordpress\/wp-content\/uploads\/2022\/10\/luca-upper-Z-4kOr93RCI-unsplash.1500-768x512.jpg 768w, http:\/\/aeropinakes.com\/entrada\/wordpress\/wp-content\/uploads\/2022\/10\/luca-upper-Z-4kOr93RCI-unsplash.1500.jpg 1500w\" sizes=\"(max-width: 1024px) 100vw, 1024px\" \/><\/figure>\n\n\n\n<h6>Photo by&nbsp;<a href=\"https:\/\/unsplash.com\/@lucistan?utm_source=unsplash&amp;utm_medium=referral&amp;utm_content=creditCopyText\">Luca Upper<\/a>&nbsp;on&nbsp;<a href=\"https:\/\/unsplash.com\/search\/photos\/mediterranean-joy?utm_source=unsplash&amp;utm_medium=referral&amp;utm_content=creditCopyText\">Unsplash<\/a><\/h6>\n\n\n\n<p><\/p>\n\n\n\n<p>El presidente del <a href=\"https:\/\/es.wikipedia.org\/wiki\/Eurogrupo\">Eurogrupo<\/a>, Jeroen Dijsselbloem, en una entrevista muy seria publicada por el Frankfurter Allgemeine Zeitung el 20 de marzo de 2017, dijo que los pa\u00edses del sur de Europa viven en una permanente org\u00eda de vino y mujeres y todo el mundo se escandaliz\u00f3. La cosa ten\u00eda su importancia y sali\u00f3 en los peri\u00f3dicos durante una semana, por el alto cargo que ocupaba el lenguaraz bur\u00f3crata europeo y tambi\u00e9n porque era una de las pocas veces que un pol\u00edtico de los Pirineos y los Alpes para arriba se expresaba con tanta sinceridad sobre la bien conocida vagancia cr\u00f3nica y amor por la juerga de los pa\u00edses del sur de Europa. Sin ninguna raz\u00f3n, como veremos. Dijsselbloem estaba sufriendo un ataque agudo de nostalgia de los tiempos en que eran ellos, los pa\u00edses de la mitad norte de Europa, quienes se entregaban sin freno a las juergas con vino y mujeres (con perd\u00f3n).<\/p>\n\n\n\n<p>Las pruebas abundan: la segunda estrofa del himno nacional alem\u00e1n arranca as\u00ed:<\/p>\n\n\n\n<p><em>Deutsche Frauen, deutsche Treue,<\/em><br><em>Deutscher Wein und deutscher Sang,<\/em><\/p>\n\n\n\n<p>es decir, para los que no sabemos alem\u00e1n,<\/p>\n\n\n\n<p>Mujeres alemanas, lealtad alemana,<br>vino alem\u00e1n y canciones alemanas,<\/p>\n\n\n\n<p>Esta estrofa ha sido piadosamente enterrada en los \u00faltimos a\u00f1os pol\u00edticamente correctos de la Rep\u00fablica Federal Alemana, pero ah\u00ed est\u00e1. En la misma patria de Jeroen Dijjsebloem encontramos una figura arquet\u00edpica de la farra desatada: la kermesse. La maravillosa pel\u00edcula <em>La kermesse heroica<\/em> describe muy bien la situaci\u00f3n en el siglo XVII en Holanda: los naturales del pa\u00eds, gordos y buenos vividores, reciben la visita de los espa\u00f1oles, representados como asc\u00e9ticos y adustos SS que van a poner orden en tanta lujuria. Por cierto, las verbenas se llamaban originalmente kerm\u00e9s, por lo menos en Madrid.<\/p>\n\n\n\n<p>Mientras que los pintores flamencos se deleitaban pintando cuadros de gran formato representado fiestas aldeanas con mucho baile y r\u00edos de vino y cerveza, la pintura espa\u00f1ola de la \u00e9poca produc\u00eda San Jer\u00f3nimos esquel\u00e9ticos con una calavera en una mano y un crucifijo en la otra. Esto fue as\u00ed, el norte juerguista y el sur tenebroso, hasta mediados del siglo XIX, cuando se comenzaron a fijar los arquetipos tur\u00edsticos del sur alegre y despreocupado. Viena funcion\u00f3 como puente entre ambos mundos con piezas como \u201cVino, mujeres y canciones\u201d (<em>Wein, Weib und Gesang<\/em>), el vals de Johann Strauss hijo de 1869 (gracias Wikipedia).<\/p>\n\n\n\n<p>Desde entonces, espa\u00f1oles, italianos y griegos (los portugueses no se dejaron) se pusieron el uniforme de sure\u00f1os vivalavirgen y se embarcaron en un programa de jolgorio sin fin, que no termin\u00f3 hasta 2007, cuando todos los peri\u00f3dicos del norte de Europa titularon con sombr\u00eda satisfacci\u00f3n c\u00f3mo la econom\u00eda de los pa\u00edses PIGS mord\u00eda el polvo: \u201c<em>The Fiesta<\/em> (en espa\u00f1ol en el original) <em>is over<\/em>\u201d, la juerga se ha terminado. Diez a\u00f1os despu\u00e9s Dijjsebloem intenta animar a los sureuropeos insinuando que se entregan a una org\u00eda perpetua y todo el mundo se le echa encima. As\u00ed hemos acabado, sin fiesta, ni vino, ni mujeres (con perd\u00f3n), ni canciones por ninguna parte, ni en el sur ni en el norte.<\/p>\n\n\n\n<p>Marciano Lafuente<\/p>\n","protected":false},"excerpt":{"rendered":"<p>Photo by&nbsp;Luca Upper&nbsp;on&nbsp;Unsplash El presidente del Eurogrupo, Jeroen Dijsselbloem, en una entrevista muy seria publicada por el Frankfurter Allgemeine Zeitung el 20 de marzo de &hellip; <\/p>\n","protected":false},"author":6,"featured_media":19148,"comment_status":"open","ping_status":"open","sticky":false,"template":"","format":"standard","meta":{"_uag_custom_page_level_css":"","advanced_seo_description":"","jetpack_seo_html_title":"","jetpack_seo_noindex":false,"jetpack_publicize_message":"","jetpack_is_tweetstorm":false,"jetpack_publicize_feature_enabled":true,"jetpack_social_post_already_shared":true,"jetpack_social_options":[]},"categories":[1],"tags":[],"espacio":[],"tiempos":[],"asuntos":[],"jetpack_publicize_connections":[],"jetpack_featured_media_url":"http:\/\/aeropinakes.com\/entrada\/wordpress\/wp-content\/uploads\/2022\/10\/luca-upper-Z-4kOr93RCI-unsplash.1500.jpg","uagb_featured_image_src":{"full":["http:\/\/aeropinakes.com\/entrada\/wordpress\/wp-content\/uploads\/2022\/10\/luca-upper-Z-4kOr93RCI-unsplash.1500.jpg",1500,1000,false],"thumbnail":["http:\/\/aeropinakes.com\/entrada\/wordpress\/wp-content\/uploads\/2022\/10\/luca-upper-Z-4kOr93RCI-unsplash.1500-150x150.jpg",150,150,true],"medium":["http:\/\/aeropinakes.com\/entrada\/wordpress\/wp-content\/uploads\/2022\/10\/luca-upper-Z-4kOr93RCI-unsplash.1500-300x200.jpg",300,200,true],"medium_large":["http:\/\/aeropinakes.com\/entrada\/wordpress\/wp-content\/uploads\/2022\/10\/luca-upper-Z-4kOr93RCI-unsplash.1500-768x512.jpg",768,512,true],"large":["http:\/\/aeropinakes.com\/entrada\/wordpress\/wp-content\/uploads\/2022\/10\/luca-upper-Z-4kOr93RCI-unsplash.1500-1024x683.jpg",1024,683,true],"1536x1536":["http:\/\/aeropinakes.com\/entrada\/wordpress\/wp-content\/uploads\/2022\/10\/luca-upper-Z-4kOr93RCI-unsplash.1500.jpg",1500,1000,false],"2048x2048":["http:\/\/aeropinakes.com\/entrada\/wordpress\/wp-content\/uploads\/2022\/10\/luca-upper-Z-4kOr93RCI-unsplash.1500.jpg",1500,1000,false],"bam-large":["http:\/\/aeropinakes.com\/entrada\/wordpress\/wp-content\/uploads\/2022\/10\/luca-upper-Z-4kOr93RCI-unsplash.1500.jpg",1200,800,false],"bam-featured":["http:\/\/aeropinakes.com\/entrada\/wordpress\/wp-content\/uploads\/2022\/10\/luca-upper-Z-4kOr93RCI-unsplash.1500.jpg",795,530,false],"bam-list":["http:\/\/aeropinakes.com\/entrada\/wordpress\/wp-content\/uploads\/2022\/10\/luca-upper-Z-4kOr93RCI-unsplash.1500.jpg",698,465,false],"bam-thumb":["http:\/\/aeropinakes.com\/entrada\/wordpress\/wp-content\/uploads\/2022\/10\/luca-upper-Z-4kOr93RCI-unsplash.1500.jpg",398,265,false],"bam-small":["http:\/\/aeropinakes.com\/entrada\/wordpress\/wp-content\/uploads\/2022\/10\/luca-upper-Z-4kOr93RCI-unsplash.1500.jpg",120,80,false],"rpwe-thumbnail":["http:\/\/aeropinakes.com\/entrada\/wordpress\/wp-content\/uploads\/2022\/10\/luca-upper-Z-4kOr93RCI-unsplash.1500-45x45.jpg",45,45,true]},"uagb_author_info":{"display_name":"Marciano Lafuente","author_link":"http:\/\/aeropinakes.com\/entrada\/wordpress\/author\/marciano-lafuente\/"},"uagb_comment_info":0,"uagb_excerpt":"Photo by&nbsp;Luca Upper&nbsp;on&nbsp;Unsplash El presidente del Eurogrupo, Jeroen Dijsselbloem, en una entrevista muy seria publicada por el Frankfurter Allgemeine Zeitung el 20 de marzo de &hellip;","jetpack_sharing_enabled":true,"jetpack_likes_enabled":true,"jetpack-related-posts":[],"jetpack_shortlink":"https:\/\/wp.me\/p7KvLD-43q","_links":{"self":[{"href":"http:\/\/aeropinakes.com\/entrada\/wordpress\/wp-json\/wp\/v2\/posts\/15588"}],"collection":[{"href":"http:\/\/aeropinakes.com\/entrada\/wordpress\/wp-json\/wp\/v2\/posts"}],"about":[{"href":"http:\/\/aeropinakes.com\/entrada\/wordpress\/wp-json\/wp\/v2\/types\/post"}],"author":[{"embeddable":true,"href":"http:\/\/aeropinakes.com\/entrada\/wordpress\/wp-json\/wp\/v2\/users\/6"}],"replies":[{"embeddable":true,"href":"http:\/\/aeropinakes.com\/entrada\/wordpress\/wp-json\/wp\/v2\/comments?post=15588"}],"version-history":[{"count":3,"href":"http:\/\/aeropinakes.com\/entrada\/wordpress\/wp-json\/wp\/v2\/posts\/15588\/revisions"}],"predecessor-version":[{"id":19200,"href":"http:\/\/aeropinakes.com\/entrada\/wordpress\/wp-json\/wp\/v2\/posts\/15588\/revisions\/19200"}],"wp:featuredmedia":[{"embeddable":true,"href":"http:\/\/aeropinakes.com\/entrada\/wordpress\/wp-json\/wp\/v2\/media\/19148"}],"wp:attachment":[{"href":"http:\/\/aeropinakes.com\/entrada\/wordpress\/wp-json\/wp\/v2\/media?parent=15588"}],"wp:term":[{"taxonomy":"category","embeddable":true,"href":"http:\/\/aeropinakes.com\/entrada\/wordpress\/wp-json\/wp\/v2\/categories?post=15588"},{"taxonomy":"post_tag","embeddable":true,"href":"http:\/\/aeropinakes.com\/entrada\/wordpress\/wp-json\/wp\/v2\/tags?post=15588"},{"taxonomy":"espacio","embeddable":true,"href":"http:\/\/aeropinakes.com\/entrada\/wordpress\/wp-json\/wp\/v2\/espacio?post=15588"},{"taxonomy":"tiempos","embeddable":true,"href":"http:\/\/aeropinakes.com\/entrada\/wordpress\/wp-json\/wp\/v2\/tiempos?post=15588"},{"taxonomy":"asuntos","embeddable":true,"href":"http:\/\/aeropinakes.com\/entrada\/wordpress\/wp-json\/wp\/v2\/asuntos?post=15588"}],"curies":[{"name":"wp","href":"https:\/\/api.w.org\/{rel}","templated":true}]}}