{"id":14866,"date":"2018-12-06T17:32:56","date_gmt":"2018-12-06T16:32:56","guid":{"rendered":"https:\/\/aeropinakes.com\/wordpress\/?post_type=reader&#038;p=14866"},"modified":"2022-10-09T17:35:56","modified_gmt":"2022-10-09T17:35:56","slug":"la-comarca-es-espana","status":"publish","type":"post","link":"http:\/\/aeropinakes.com\/entrada\/wordpress\/2018\/12\/06\/la-comarca-es-espana\/","title":{"rendered":"La Comarca es Espa\u00f1a"},"content":{"rendered":"\n<p><em>Hasta ahora sab\u00edamos que Euskadi y probablemente Catalunya eran la Comarca de Tolkien, pero parece que ahora el concepto se ha extendido a toda Espa\u00f1a.<\/em><\/p>\n\n\n\n<figure class=\"wp-block-image size-large\"><img decoding=\"async\" loading=\"lazy\" width=\"1024\" height=\"568\" src=\"http:\/\/aeropinakes.com\/entrada\/wordpress\/wp-content\/uploads\/2018\/12\/spanishflag-1024x568.jpg\" alt=\"\" class=\"wp-image-19108\" srcset=\"http:\/\/aeropinakes.com\/entrada\/wordpress\/wp-content\/uploads\/2018\/12\/spanishflag-1024x568.jpg 1024w, http:\/\/aeropinakes.com\/entrada\/wordpress\/wp-content\/uploads\/2018\/12\/spanishflag-300x166.jpg 300w, http:\/\/aeropinakes.com\/entrada\/wordpress\/wp-content\/uploads\/2018\/12\/spanishflag-768x426.jpg 768w, http:\/\/aeropinakes.com\/entrada\/wordpress\/wp-content\/uploads\/2018\/12\/spanishflag.jpg 1500w\" sizes=\"(max-width: 1024px) 100vw, 1024px\" \/><figcaption><strong>Escaparate de una tienda de tejidos en la calle Imperial (Madrid)<\/strong><\/figcaption><\/figure>\n\n\n\n<p><a href=\"https:\/\/es.wikipedia.org\/wiki\/Comarca_(Tierra_Media)\">La Comarca<\/a> es el famoso invento de Tolkien, ese lugar con casitas de ventanas redondas entre prados y bosques donde los hobbits viven felices y beben cerveza en una fiesta campestre eterna. Es decir, la Comarca es la Naci\u00f3n. Todos sab\u00edamos que el Pa\u00eds Vasco era la Comarca, y m\u00e1s recientemente Catalu\u00f1a tambi\u00e9n ha alcanzado esa categor\u00eda, pero lo m\u00e1s sorprendente es que Espa\u00f1a en general se ha convertido tambi\u00e9n, sin que nos di\u00e9ramos cuenta, en una arcadia rural, en una versi\u00f3n expandida de la Comarca.<\/p>\n\n\n\n<p>Tradicionalmente el nacionalismo espa\u00f1ol era te\u00f3rico e imperial, basado en el concepto de una gran naci\u00f3n mundial. De fronteras para adentro hab\u00eda alguna tradici\u00f3n de laudes hispaniae, pero todo el mundo reconoc\u00eda que San Isidoro se hab\u00eda pasado tres pueblos: ni con la mejor voluntad del mundo se pod\u00eda ignorar que la mayor parte de nuestra patria estaba formada por una colecci\u00f3n de \u00e1speras parameras, pobladas por campesinos cejijuntos. A diferencia de la Dulce Francia o la Alegre Inglaterra, Espa\u00f1a era un pa\u00eds m\u00e1s bien adusto y dif\u00edcil. Los nacionalismos catal\u00e1n, vasco y gallego compraron la idea y crearon poderosas im\u00e1genes de arcadias rurales bien regadas, con casitas, prados y alegres aldeanos, incrustadas en un \u00e1spero y polvoriento pa\u00eds, que las ten\u00eda secuestradas fuera de su hogar natural, es decir la Europa h\u00fameda y civilizada.<\/p>\n\n\n\n<p>Los del 98 se hartaron de denostar la horrible geograf\u00eda del solar espa\u00f1ol, demostrando cient\u00edficamente (Los males de la patria, de Lucas Mallada, llega a la conclusi\u00f3n de que el 90% del suelo espa\u00f1ol carece de valor econ\u00f3mico) o ret\u00f3ricamente (Castilla en escombros, de Julio Senador, llena 300 p\u00e1ginas con atroces descripciones de miseria humana sobre una tierra feroz) que este era un pa\u00eds de muy mala calidad, al que hab\u00eda que amar, s\u00ed, pero como quien ama a un burro cojitranco.<\/p>\n\n\n\n<p>Ahora es muy diferente. El pa\u00eds est\u00e1 lleno de pueblecitos con encanto y la gente torva y feroz est\u00e1 fuera, asaltando nuestras fronteras. As\u00ed que el nacionalismo espa\u00f1ol est\u00e1 saliendo del armario. Ni complejo de inferioridad ni hostias. Espa\u00f1a es el mejor pa\u00eds del mundo, amenazado por m\u00faltiples enemigos: el feminismo, el ecologismo, el separatismo, el yihadismo, el comunismo, el veganismo, los antitaurinos, la ideolog\u00eda de g\u00e9nero, la inmigraci\u00f3n, Bruselas, las subvenciones al cine, las comunidades aut\u00f3nomas, los gays, etc., etc.<\/p>\n\n\n\n<p>Los partidos en general, tanto mejor cuanto m\u00e1s a la derecha est\u00e9n, est\u00e1n descubriendo maravillados que el nacionalismo les da casi todo el trabajo hecho. No hay que elaborar largos programas econ\u00f3micos y fiscales. Se puede decir una cosa y la contraria en la misma frase, por la sencilla raz\u00f3n de que todo es tornadizo menos una cosa indiscutible y firme como una roca, la \u00fanica referencia absoluta y necesaria de nuestras vidas: Espa\u00f1a, t\u00e9cnicamente La Naci\u00f3n Espa\u00f1ola. \u00bfA qui\u00e9n le importa un programa electoral, si lo principal est\u00e1 claro como el agua?<\/p>\n\n\n\n<p>Tras habernos convertido de repente en un pueblo de bonachones hobbits, el nacionalismo piensa que ha llegado la hora de actuar sin complejos para salvar La Comarca, asediada por tantos y tan diversos enemigos. Las fronteras deben ser vigiladas para facilitar la entrada \u00fanicamente de las personas compatibles con la naci\u00f3n espa\u00f1ola, a ser posible cat\u00f3licas y hablando un espa\u00f1ol fluido. Todo el complicado foll\u00f3n de la correcci\u00f3n pol\u00edtica, que impide ofender a elementos humanos racializados, integrantes de alguna corriente LTGBI, opciones sexuales minoritarias, mujeres conscientes, animales y plantas, pueblos originarios, personas disminuidas verticalmente, etc. etc. ser\u00e1 simplificado radicalmente: el que se meta con la naci\u00f3n espa\u00f1ola sufrir\u00e1 un duro castigo, por lo dem\u00e1s estar\u00e1 bien visto hablar a voces de negratas, maricones, putos enanos, abuelatas, machu-pichus, etc, etc. Y van a conseguir votos a mogoll\u00f3n, aunque la civilizaci\u00f3n quede un poco traspuesta: en realidad no somos hobbits, somos m\u00e1s bien cu\u00f1ados.<\/p>\n\n\n\n<p><strong>Marciano Lafuente<\/strong><\/p>\n","protected":false},"excerpt":{"rendered":"<p>Hasta ahora sab\u00edamos que Euskadi y probablemente Catalunya eran la Comarca de Tolkien, pero parece que ahora el concepto se ha extendido a toda Espa\u00f1a. &hellip; <\/p>\n","protected":false},"author":1,"featured_media":19108,"comment_status":"open","ping_status":"closed","sticky":false,"template":"","format":"standard","meta":{"_uag_custom_page_level_css":"","advanced_seo_description":"Hasta ahora sab\u00edamos que Euskadi y probablemente Catalunya eran la Comarca de Tolkien, pero parece que ahora el concepto se ha extendido a toda Espa\u00f1a.","jetpack_seo_html_title":"","jetpack_seo_noindex":false,"jetpack_publicize_message":"","jetpack_is_tweetstorm":false,"jetpack_publicize_feature_enabled":true,"jetpack_social_post_already_shared":true,"jetpack_social_options":[]},"categories":[1],"tags":[],"espacio":[],"tiempos":[],"asuntos":[],"jetpack_publicize_connections":[],"jetpack_featured_media_url":"http:\/\/aeropinakes.com\/entrada\/wordpress\/wp-content\/uploads\/2018\/12\/spanishflag.jpg","uagb_featured_image_src":{"full":["http:\/\/aeropinakes.com\/entrada\/wordpress\/wp-content\/uploads\/2018\/12\/spanishflag.jpg",1500,832,false],"thumbnail":["http:\/\/aeropinakes.com\/entrada\/wordpress\/wp-content\/uploads\/2018\/12\/spanishflag-150x150.jpg",150,150,true],"medium":["http:\/\/aeropinakes.com\/entrada\/wordpress\/wp-content\/uploads\/2018\/12\/spanishflag-300x166.jpg",300,166,true],"medium_large":["http:\/\/aeropinakes.com\/entrada\/wordpress\/wp-content\/uploads\/2018\/12\/spanishflag-768x426.jpg",768,426,true],"large":["http:\/\/aeropinakes.com\/entrada\/wordpress\/wp-content\/uploads\/2018\/12\/spanishflag-1024x568.jpg",1024,568,true],"1536x1536":["http:\/\/aeropinakes.com\/entrada\/wordpress\/wp-content\/uploads\/2018\/12\/spanishflag.jpg",1500,832,false],"2048x2048":["http:\/\/aeropinakes.com\/entrada\/wordpress\/wp-content\/uploads\/2018\/12\/spanishflag.jpg",1500,832,false],"bam-large":["http:\/\/aeropinakes.com\/entrada\/wordpress\/wp-content\/uploads\/2018\/12\/spanishflag.jpg",1400,777,false],"bam-featured":["http:\/\/aeropinakes.com\/entrada\/wordpress\/wp-content\/uploads\/2018\/12\/spanishflag.jpg",890,494,false],"bam-list":["http:\/\/aeropinakes.com\/entrada\/wordpress\/wp-content\/uploads\/2018\/12\/spanishflag.jpg",700,388,false],"bam-thumb":["http:\/\/aeropinakes.com\/entrada\/wordpress\/wp-content\/uploads\/2018\/12\/spanishflag.jpg",445,247,false],"bam-small":["http:\/\/aeropinakes.com\/entrada\/wordpress\/wp-content\/uploads\/2018\/12\/spanishflag.jpg",120,67,false],"rpwe-thumbnail":["http:\/\/aeropinakes.com\/entrada\/wordpress\/wp-content\/uploads\/2018\/12\/spanishflag-45x45.jpg",45,45,true]},"uagb_author_info":{"display_name":"Marciano Lafuente","author_link":"http:\/\/aeropinakes.com\/entrada\/wordpress\/author\/aeropinakes\/"},"uagb_comment_info":0,"uagb_excerpt":"Hasta ahora sab\u00edamos que Euskadi y probablemente Catalunya eran la Comarca de Tolkien, pero parece que ahora el concepto se ha extendido a toda Espa\u00f1a. &hellip;","jetpack_sharing_enabled":true,"jetpack_likes_enabled":true,"jetpack-related-posts":[{"id":1250,"url":"http:\/\/aeropinakes.com\/entrada\/wordpress\/2013\/06\/05\/economia-esqueletica\/","url_meta":{"origin":14866,"position":0},"title":"Econom\u00eda esquel\u00e9tica","date":"5 de junio de 2013","format":false,"excerpt":"Quitar la grasa ya no es la obsesi\u00f3n de las adolescentes macizas. Ahora es la obsesi\u00f3n de todos los que meten la mano en la econom\u00eda: altos funcionarios, dirigentes empresariales, etc. El \u00faltimo y doloroso golpe es la renuncia del NY Hilton a servir comidas en las habitaciones. Resulta que\u2026","rel":"","context":"Entrada similar","img":{"alt_text":"","src":"https:\/\/i0.wp.com\/aeropinakes.com\/entrada\/wordpress\/wp-content\/uploads\/2008\/05\/grafitelis.jpg?resize=350%2C200","width":350,"height":200},"classes":[]},{"id":17607,"url":"http:\/\/aeropinakes.com\/entrada\/wordpress\/2019\/12\/29\/la-protesta-de-la-espana-repleta\/","url_meta":{"origin":14866,"position":1},"title":"La protesta de la Espa\u00f1a Repleta","date":"29 de diciembre de 2019","format":false,"excerpt":"La Espa\u00f1a Repleta es la gran ciudad, especialmente su centro. Un buen ejemplo es el distrito Centro de Madrid, donde el Ayuntamiento ha tenido que instalar paneles luminosos en dos calles especialmente repletas (Carmen y Preciados) para ordenar el tr\u00e1fico peatonal. Cuando hay mucha afluencia de p\u00fablico, Carmen solo admite\u2026","rel":"","context":"Entrada similar","img":{"alt_text":"","src":"https:\/\/i0.wp.com\/aeropinakes.com\/entrada\/wordpress\/wp-content\/uploads\/2022\/10\/centro.jpg?resize=350%2C200","width":350,"height":200},"classes":[]},{"id":15275,"url":"http:\/\/aeropinakes.com\/entrada\/wordpress\/2019\/03\/20\/una-medida-de-los-republicanos-que-gustara-a-todo-el-mundo\/","url_meta":{"origin":14866,"position":2},"title":"Una medida de los republicanos que gustar\u00e1 a todo el mundo","date":"20 de marzo de 2019","format":false,"excerpt":"Photo by\u00a0Alexandra\u00a0on\u00a0Unsplash Los nacionalistas espa\u00f1oles, partidarios de la\u00a0 obligatoriedad del uso del espa\u00f1ol en todo el territorio nacional, est\u00e1n de enhorabuena. La administraci\u00f3n Trump quiere declarar el ingl\u00e9s como lengua oficial y preeminente de la Uni\u00f3n, y derogar una ley de la \u00faltima administraci\u00f3n Clinton que obligaba (o al menos\u2026","rel":"","context":"Entrada similar","img":{"alt_text":"","src":"https:\/\/i0.wp.com\/aeropinakes.com\/wordpress\/wp-content\/uploads\/2019\/03\/alexandra-633017-unsplash.jpg?resize=350%2C200&ssl=1","width":350,"height":200},"classes":[]},{"id":15327,"url":"http:\/\/aeropinakes.com\/entrada\/wordpress\/2019\/03\/30\/los-neandertales-son-de-izquierdas-los-cromanones-de-derechas\/","url_meta":{"origin":14866,"position":3},"title":"Los croma\u00f1ones nos llevan al desastre, reivindiquemos nuestra herencia neandertal","date":"30 de marzo de 2019","format":false,"excerpt":"Recientes declaraciones de un pol\u00edtico derechista en campa\u00f1a electoral, acusando a los neandertales de cosas muy feas (concretamente, de cortar la cabeza de sus hijos reci\u00e9n nacidos) han vuelto a poner sobre la mesa la vieja e intrincada cuesti\u00f3n de si tenemos algo neandertal en nuestros genes y en nuestra\u2026","rel":"","context":"Entrada similar","img":{"alt_text":"","src":"https:\/\/i0.wp.com\/aeropinakes.com\/entrada\/wordpress\/wp-content\/uploads\/2022\/10\/neander1000.jpg?resize=350%2C200","width":350,"height":200},"classes":[]},{"id":19237,"url":"http:\/\/aeropinakes.com\/entrada\/wordpress\/2022\/10\/31\/paises-divididos-si-literalmente\/","url_meta":{"origin":14866,"position":4},"title":"\u00bfPa\u00edses divididos? S\u00ed, literalmente","date":"31 de octubre de 2022","format":false,"excerpt":"La \u00faltima elecci\u00f3n en Brasil ha salido casi mitad y mitad (49%\/51%) y muestra un pa\u00eds claramente dividido. Lula gan\u00f3 en el Nordeste y Bolsonaro en el Sureste (m\u00e1s o menos). Cuando se trata de eleciones entre solo dos opciones, muchos pa\u00edses muestran una divisi\u00f3n mitad y mitad que se\u2026","rel":"","context":"Entrada similar","img":{"alt_text":"","src":"https:\/\/i0.wp.com\/aeropinakes.com\/entrada\/wordpress\/wp-content\/uploads\/2022\/10\/fachalandrprogreland1000-scaled.jpg?resize=350%2C200","width":350,"height":200},"classes":[]},{"id":1733,"url":"http:\/\/aeropinakes.com\/entrada\/wordpress\/2008\/06\/10\/virtuosa-espana\/","url_meta":{"origin":14866,"position":5},"title":"Virtuosa Espa\u00f1a","date":"10 de junio de 2008","format":false,"excerpt":"\u00bfHan o\u00eddo hablar de la Dulce Francia, la Bella Italia, o la Alegre Inglaterra? Pues a\u00f1adan otra m\u00e1s a la lista: la Virtuosa Espa\u00f1a. Este pa\u00eds se caracteriza por ser una sociedad abierta, bondadosa, basada en el imperio de la ley, culta y tolerante. Nosotros los B.E.N (blancos, espa\u00f1oles, normales)\u2026","rel":"","context":"Entrada similar","img":{"alt_text":"","src":"https:\/\/i0.wp.com\/aeropinakes.com\/entrada\/wordpress\/wp-content\/uploads\/2014\/12\/cccc-7720572.jpg?resize=350%2C200","width":350,"height":200},"classes":[]}],"jetpack_shortlink":"https:\/\/wp.me\/p7KvLD-3RM","_links":{"self":[{"href":"http:\/\/aeropinakes.com\/entrada\/wordpress\/wp-json\/wp\/v2\/posts\/14866"}],"collection":[{"href":"http:\/\/aeropinakes.com\/entrada\/wordpress\/wp-json\/wp\/v2\/posts"}],"about":[{"href":"http:\/\/aeropinakes.com\/entrada\/wordpress\/wp-json\/wp\/v2\/types\/post"}],"author":[{"embeddable":true,"href":"http:\/\/aeropinakes.com\/entrada\/wordpress\/wp-json\/wp\/v2\/users\/1"}],"replies":[{"embeddable":true,"href":"http:\/\/aeropinakes.com\/entrada\/wordpress\/wp-json\/wp\/v2\/comments?post=14866"}],"version-history":[{"count":3,"href":"http:\/\/aeropinakes.com\/entrada\/wordpress\/wp-json\/wp\/v2\/posts\/14866\/revisions"}],"predecessor-version":[{"id":19207,"href":"http:\/\/aeropinakes.com\/entrada\/wordpress\/wp-json\/wp\/v2\/posts\/14866\/revisions\/19207"}],"wp:featuredmedia":[{"embeddable":true,"href":"http:\/\/aeropinakes.com\/entrada\/wordpress\/wp-json\/wp\/v2\/media\/19108"}],"wp:attachment":[{"href":"http:\/\/aeropinakes.com\/entrada\/wordpress\/wp-json\/wp\/v2\/media?parent=14866"}],"wp:term":[{"taxonomy":"category","embeddable":true,"href":"http:\/\/aeropinakes.com\/entrada\/wordpress\/wp-json\/wp\/v2\/categories?post=14866"},{"taxonomy":"post_tag","embeddable":true,"href":"http:\/\/aeropinakes.com\/entrada\/wordpress\/wp-json\/wp\/v2\/tags?post=14866"},{"taxonomy":"espacio","embeddable":true,"href":"http:\/\/aeropinakes.com\/entrada\/wordpress\/wp-json\/wp\/v2\/espacio?post=14866"},{"taxonomy":"tiempos","embeddable":true,"href":"http:\/\/aeropinakes.com\/entrada\/wordpress\/wp-json\/wp\/v2\/tiempos?post=14866"},{"taxonomy":"asuntos","embeddable":true,"href":"http:\/\/aeropinakes.com\/entrada\/wordpress\/wp-json\/wp\/v2\/asuntos?post=14866"}],"curies":[{"name":"wp","href":"https:\/\/api.w.org\/{rel}","templated":true}]}}