{"id":1228,"date":"2013-06-17T07:59:00","date_gmt":"2013-06-17T07:59:00","guid":{"rendered":"http:\/\/idoubedabooks.wordpress.com\/2013\/06\/17\/el-hombre-al-que-le-dolia-la-cabeza-y-el-fondo-de-inversion"},"modified":"2022-10-05T14:02:52","modified_gmt":"2022-10-05T14:02:52","slug":"el-hombre-al-que-le-dolia-la-cabeza-y-el-fondo-de-inversion","status":"publish","type":"post","link":"http:\/\/aeropinakes.com\/entrada\/wordpress\/2013\/06\/17\/el-hombre-al-que-le-dolia-la-cabeza-y-el-fondo-de-inversion\/","title":{"rendered":"El hombre al que le dol\u00eda la cabeza y el fondo de inversi\u00f3n"},"content":{"rendered":"<div class=\"wp-block-image\">\n<figure class=\"aligncenter size-full\"><a href=\"https:\/\/aeropinakes.com\/entrada\/wordpress\/wp-content\/uploads\/2008\/05\/cara-copia.jpg\"><img decoding=\"async\" loading=\"lazy\" width=\"1000\" height=\"1000\" src=\"http:\/\/aeropinakes.com\/entrada\/wordpress\/wp-content\/uploads\/2008\/05\/cara-copia.jpg\" alt=\"\" class=\"wp-image-3827\" srcset=\"http:\/\/aeropinakes.com\/entrada\/wordpress\/wp-content\/uploads\/2008\/05\/cara-copia.jpg 1000w, http:\/\/aeropinakes.com\/entrada\/wordpress\/wp-content\/uploads\/2008\/05\/cara-copia-150x150.jpg 150w, http:\/\/aeropinakes.com\/entrada\/wordpress\/wp-content\/uploads\/2008\/05\/cara-copia-300x300.jpg 300w, http:\/\/aeropinakes.com\/entrada\/wordpress\/wp-content\/uploads\/2008\/05\/cara-copia-768x768.jpg 768w\" sizes=\"(max-width: 1000px) 100vw, 1000px\" \/><\/a><\/figure><\/div>\n\n\n<p>Un hombre al que le dol\u00eda mucho la cabeza fue al centro m\u00e9dico y solicit\u00f3 un TAC (Tomograf\u00eda Axial Computerizada). El m\u00e9dico le mir\u00f3 de arriba abajo: \u00abNo hacemos TACs as\u00ed como as\u00ed\u00bb. \u00abPor dios, doctor \u2013respondi\u00f3 el hombre\u2013 me duele much\u00edsimo la cabeza, seguro que es un c\u00e1ncer. \u00abTal vez, pero con los nuevos criterios de rentabilidad, solo podemos hacerle un TAC cuando traiga un bulto de tama\u00f1o considerable\u00bb. \u00ab\u00bfLos nuevos criterios?\u00bb \u00abBueno, vaya a ver al administrador. Yo de eso no se nada\u00bb. El administrador le explica el asunto. \u00abAhora funcionamos con criterios de rentabilidad. Por ejemplo, hacerle un TAC a usted no es rentable\u00bb. \u00bfPor qu\u00e9?\u00bb -pregunta el hombre, angustiado. \u00abMuy sencillo. Cada TAC que hacemos reduce los beneficios de la empresa que ahora gestiona el hospital\u00bb. El hombre con dolor de cabeza se va a ver a la empresa que gestiona el hospital. Le recibe muy amablemente el mismo CEO (Chief Executive Officer). \u00abNo es culpa nuestra que no podamos hacerle un TAC. Somos propiedad de un fondo que exige rentabilidad\u00bb. Ya en el fondo de inversi\u00f3n, un amable empleado atiende al hombre con dolor de cabeza. \u00abNo es cosa nuestra: nos limitamos a conseguir la rentabilidad que el banco ha vendido a su inversores\u00bb. Por fin, en la sucursal del banco de su barrio, el hombre con dolor de cabeza habla con el director, al que le une cierta amistad. \u00abPues claro. Tu quer\u00edas que tus ahorros te rentasen y nosotros los metimos en el fondo propietario de la empresa que gestiona el centro m\u00e9dico. Eres t\u00fa mismo el que te ha negado el TAC. El hombre asiente tristemente y se va a comprar una tonelada de aspirinas.<\/p>\n\n\n\n<p>Moraleja<br><i>Si tu dinero has metido en un fondo para que te rente,<\/i><br><i>\u00a1s\u00e1calo de ah\u00ed inmediatamente!<\/i><br><i><br><\/i><\/p>\n","protected":false},"excerpt":{"rendered":"<p>Un hombre al que le dol\u00eda mucho la cabeza fue al centro m\u00e9dico y solicit\u00f3 un TAC (Tomograf\u00eda Axial Computerizada). El m\u00e9dico le mir\u00f3 de &hellip; <\/p>\n","protected":false},"author":1,"featured_media":3827,"comment_status":"open","ping_status":"open","sticky":false,"template":"","format":"standard","meta":{"_uag_custom_page_level_css":"","advanced_seo_description":"","jetpack_seo_html_title":"","jetpack_seo_noindex":false,"jetpack_publicize_message":"","jetpack_is_tweetstorm":false,"jetpack_publicize_feature_enabled":true,"jetpack_social_post_already_shared":true,"jetpack_social_options":[]},"categories":[1],"tags":[],"espacio":[],"tiempos":[],"asuntos":[],"jetpack_publicize_connections":[],"jetpack_featured_media_url":"http:\/\/aeropinakes.com\/entrada\/wordpress\/wp-content\/uploads\/2008\/05\/cara-copia.jpg","uagb_featured_image_src":{"full":["http:\/\/aeropinakes.com\/entrada\/wordpress\/wp-content\/uploads\/2008\/05\/cara-copia.jpg",1000,1000,false],"thumbnail":["http:\/\/aeropinakes.com\/entrada\/wordpress\/wp-content\/uploads\/2008\/05\/cara-copia-150x150.jpg",150,150,true],"medium":["http:\/\/aeropinakes.com\/entrada\/wordpress\/wp-content\/uploads\/2008\/05\/cara-copia-300x300.jpg",300,300,true],"medium_large":["http:\/\/aeropinakes.com\/entrada\/wordpress\/wp-content\/uploads\/2008\/05\/cara-copia-768x768.jpg",768,768,true],"large":["http:\/\/aeropinakes.com\/entrada\/wordpress\/wp-content\/uploads\/2008\/05\/cara-copia.jpg",1000,1000,false],"1536x1536":["http:\/\/aeropinakes.com\/entrada\/wordpress\/wp-content\/uploads\/2008\/05\/cara-copia.jpg",1000,1000,false],"2048x2048":["http:\/\/aeropinakes.com\/entrada\/wordpress\/wp-content\/uploads\/2008\/05\/cara-copia.jpg",1000,1000,false],"bam-large":["http:\/\/aeropinakes.com\/entrada\/wordpress\/wp-content\/uploads\/2008\/05\/cara-copia.jpg",800,800,false],"bam-featured":["http:\/\/aeropinakes.com\/entrada\/wordpress\/wp-content\/uploads\/2008\/05\/cara-copia.jpg",530,530,false],"bam-list":["http:\/\/aeropinakes.com\/entrada\/wordpress\/wp-content\/uploads\/2008\/05\/cara-copia.jpg",465,465,false],"bam-thumb":["http:\/\/aeropinakes.com\/entrada\/wordpress\/wp-content\/uploads\/2008\/05\/cara-copia.jpg",265,265,false],"bam-small":["http:\/\/aeropinakes.com\/entrada\/wordpress\/wp-content\/uploads\/2008\/05\/cara-copia.jpg",85,85,false],"rpwe-thumbnail":["http:\/\/aeropinakes.com\/entrada\/wordpress\/wp-content\/uploads\/2008\/05\/cara-copia.jpg",45,45,false]},"uagb_author_info":{"display_name":"Marciano Lafuente","author_link":"http:\/\/aeropinakes.com\/entrada\/wordpress\/author\/aeropinakes\/"},"uagb_comment_info":0,"uagb_excerpt":"Un hombre al que le dol\u00eda mucho la cabeza fue al centro m\u00e9dico y solicit\u00f3 un TAC (Tomograf\u00eda Axial Computerizada). El m\u00e9dico le mir\u00f3 de &hellip;","jetpack_sharing_enabled":true,"jetpack_likes_enabled":true,"jetpack-related-posts":[{"id":15468,"url":"http:\/\/aeropinakes.com\/entrada\/wordpress\/2012\/10\/22\/economia-biblica\/","url_meta":{"origin":1228,"position":0},"title":"Econom\u00eda b\u00edblica","date":"22 de octubre de 2012","format":false,"excerpt":"Despu\u00e9s de la econom\u00eda del ladrillo, la del conocimiento, la real y la financiera, llega la econom\u00eda b\u00edblica. 1. Y dijo Dios: \u201cHasta m\u00ed ha llegado la pestilencia de la tierra de Espa\u00f1a. Los hombres viven por encima de sus posibilidades y han olvidado alabarme. La iniquidad reina en esa\u2026","rel":"","context":"Entrada similar","img":{"alt_text":"","src":"https:\/\/i0.wp.com\/aeropinakes.com\/entrada\/wordpress\/wp-content\/uploads\/2022\/10\/salammbo.jpg?resize=350%2C200","width":350,"height":200},"classes":[]},{"id":15464,"url":"http:\/\/aeropinakes.com\/entrada\/wordpress\/2022\/10\/06\/una-alternativa-a-la-renta-basica-universal-en-cinco-fases\/","url_meta":{"origin":1228,"position":1},"title":"Una alternativa a la renta b\u00e1sica universal, en cinco fases","date":"6 de octubre de 2022","format":false,"excerpt":"Lo primero es hacer la lista de los cinco millones de personas prescindibles que no producen valor, que ya est\u00e1 casi hecha, pero que ahora se puede llevar a cabo de manera m\u00e1s expl\u00edcita. Los segundo consiste en marcarlos. Un brazalete puede funcionar, o una escarapela para llevar sobre la\u2026","rel":"","context":"Entrada similar","img":{"alt_text":"","src":"https:\/\/i0.wp.com\/aeropinakes.com\/entrada\/wordpress\/wp-content\/uploads\/2022\/10\/plazadelprogreso.jpg?resize=350%2C200","width":350,"height":200},"classes":[]},{"id":11271,"url":"http:\/\/aeropinakes.com\/entrada\/wordpress\/2022\/10\/06\/la-prima-de-riesgo-y-el-nuevo-racismo-2\/","url_meta":{"origin":1228,"position":2},"title":"La prima de riesgo es el nuevo racismo","date":"6 de octubre de 2022","format":false,"excerpt":"Desde Gobineau a Hitler, todos los grandes racistas de la historia estar\u00edan encantados con la prima de riesgo, la cifra que pone a todo el mundo en su sitio, la indiscutible escala universal de calidad humana. Es sabido que los racistas tradicionales pasaron muchos apuros en su b\u00fasqueda de una\u2026","rel":"","context":"Entrada similar","img":{"alt_text":"","src":"https:\/\/i0.wp.com\/aeropinakes.com\/entrada\/wordpress\/wp-content\/uploads\/2022\/10\/represion.jpg?resize=350%2C200","width":350,"height":200},"classes":[]},{"id":15327,"url":"http:\/\/aeropinakes.com\/entrada\/wordpress\/2019\/03\/30\/los-neandertales-son-de-izquierdas-los-cromanones-de-derechas\/","url_meta":{"origin":1228,"position":3},"title":"Los croma\u00f1ones nos llevan al desastre, reivindiquemos nuestra herencia neandertal","date":"30 de marzo de 2019","format":false,"excerpt":"Recientes declaraciones de un pol\u00edtico derechista en campa\u00f1a electoral, acusando a los neandertales de cosas muy feas (concretamente, de cortar la cabeza de sus hijos reci\u00e9n nacidos) han vuelto a poner sobre la mesa la vieja e intrincada cuesti\u00f3n de si tenemos algo neandertal en nuestros genes y en nuestra\u2026","rel":"","context":"Entrada similar","img":{"alt_text":"","src":"https:\/\/i0.wp.com\/aeropinakes.com\/entrada\/wordpress\/wp-content\/uploads\/2022\/10\/neander1000.jpg?resize=350%2C200","width":350,"height":200},"classes":[]},{"id":17607,"url":"http:\/\/aeropinakes.com\/entrada\/wordpress\/2019\/12\/29\/la-protesta-de-la-espana-repleta\/","url_meta":{"origin":1228,"position":4},"title":"La protesta de la Espa\u00f1a Repleta","date":"29 de diciembre de 2019","format":false,"excerpt":"La Espa\u00f1a Repleta es la gran ciudad, especialmente su centro. Un buen ejemplo es el distrito Centro de Madrid, donde el Ayuntamiento ha tenido que instalar paneles luminosos en dos calles especialmente repletas (Carmen y Preciados) para ordenar el tr\u00e1fico peatonal. Cuando hay mucha afluencia de p\u00fablico, Carmen solo admite\u2026","rel":"","context":"Entrada similar","img":{"alt_text":"","src":"https:\/\/i0.wp.com\/aeropinakes.com\/entrada\/wordpress\/wp-content\/uploads\/2022\/10\/centro.jpg?resize=350%2C200","width":350,"height":200},"classes":[]},{"id":1733,"url":"http:\/\/aeropinakes.com\/entrada\/wordpress\/2008\/06\/10\/virtuosa-espana\/","url_meta":{"origin":1228,"position":5},"title":"Virtuosa Espa\u00f1a","date":"10 de junio de 2008","format":false,"excerpt":"\u00bfHan o\u00eddo hablar de la Dulce Francia, la Bella Italia, o la Alegre Inglaterra? Pues a\u00f1adan otra m\u00e1s a la lista: la Virtuosa Espa\u00f1a. Este pa\u00eds se caracteriza por ser una sociedad abierta, bondadosa, basada en el imperio de la ley, culta y tolerante. Nosotros los B.E.N (blancos, espa\u00f1oles, normales)\u2026","rel":"","context":"Entrada similar","img":{"alt_text":"","src":"https:\/\/i0.wp.com\/aeropinakes.com\/entrada\/wordpress\/wp-content\/uploads\/2014\/12\/cccc-7720572.jpg?resize=350%2C200","width":350,"height":200},"classes":[]}],"jetpack_shortlink":"https:\/\/wp.me\/p7KvLD-jO","_links":{"self":[{"href":"http:\/\/aeropinakes.com\/entrada\/wordpress\/wp-json\/wp\/v2\/posts\/1228"}],"collection":[{"href":"http:\/\/aeropinakes.com\/entrada\/wordpress\/wp-json\/wp\/v2\/posts"}],"about":[{"href":"http:\/\/aeropinakes.com\/entrada\/wordpress\/wp-json\/wp\/v2\/types\/post"}],"author":[{"embeddable":true,"href":"http:\/\/aeropinakes.com\/entrada\/wordpress\/wp-json\/wp\/v2\/users\/1"}],"replies":[{"embeddable":true,"href":"http:\/\/aeropinakes.com\/entrada\/wordpress\/wp-json\/wp\/v2\/comments?post=1228"}],"version-history":[{"count":2,"href":"http:\/\/aeropinakes.com\/entrada\/wordpress\/wp-json\/wp\/v2\/posts\/1228\/revisions"}],"predecessor-version":[{"id":19111,"href":"http:\/\/aeropinakes.com\/entrada\/wordpress\/wp-json\/wp\/v2\/posts\/1228\/revisions\/19111"}],"wp:featuredmedia":[{"embeddable":true,"href":"http:\/\/aeropinakes.com\/entrada\/wordpress\/wp-json\/wp\/v2\/media\/3827"}],"wp:attachment":[{"href":"http:\/\/aeropinakes.com\/entrada\/wordpress\/wp-json\/wp\/v2\/media?parent=1228"}],"wp:term":[{"taxonomy":"category","embeddable":true,"href":"http:\/\/aeropinakes.com\/entrada\/wordpress\/wp-json\/wp\/v2\/categories?post=1228"},{"taxonomy":"post_tag","embeddable":true,"href":"http:\/\/aeropinakes.com\/entrada\/wordpress\/wp-json\/wp\/v2\/tags?post=1228"},{"taxonomy":"espacio","embeddable":true,"href":"http:\/\/aeropinakes.com\/entrada\/wordpress\/wp-json\/wp\/v2\/espacio?post=1228"},{"taxonomy":"tiempos","embeddable":true,"href":"http:\/\/aeropinakes.com\/entrada\/wordpress\/wp-json\/wp\/v2\/tiempos?post=1228"},{"taxonomy":"asuntos","embeddable":true,"href":"http:\/\/aeropinakes.com\/entrada\/wordpress\/wp-json\/wp\/v2\/asuntos?post=1228"}],"curies":[{"name":"wp","href":"https:\/\/api.w.org\/{rel}","templated":true}]}}